{"id":22690,"date":"2025-01-28T09:37:01","date_gmt":"2025-01-28T08:37:01","guid":{"rendered":"https:\/\/elejido.es\/comercio\/?p=22690"},"modified":"2025-01-29T09:44:48","modified_gmt":"2025-01-29T08:44:48","slug":"primera-reunion-tecnica-para-la-puesta-en-marcha-del-nodo-de-emprendimiento-digital-agrotech-en-el-ejido-incluido-en-el-programa-retech","status":"publish","type":"post","link":"https:\/\/elejido.es\/comercio\/index.php\/primera-reunion-tecnica-para-la-puesta-en-marcha-del-nodo-de-emprendimiento-digital-agrotech-en-el-ejido-incluido-en-el-programa-retech\/","title":{"rendered":"Primera reuni\u00f3n t\u00e9cnica para la puesta en marcha del nodo de emprendimiento digital Agrotech en El Ejido incluido en el Programa Retech"},"content":{"rendered":"\n<div class=\"wp-block-nk-awb nk-awb alturaSlider\"><div class=\"nk-awb-wrap\" data-awb-type=\"image\" data-awb-image-background-size=\"cover\" data-awb-image-background-position=\"50% 34%\" data-awb-parallax=\"scroll\" data-awb-parallax-speed=\"0.5\" data-awb-parallax-mobile=\"false\"><div class=\"nk-awb-overlay\" style=\"background-color: rgba(0, 0, 0, 0.4);\"><\/div><div class=\"nk-awb-inner\"><img loading=\"lazy\" decoding=\"async\" src=\"https:\/\/app.elejido.es\/comercio\/wp-content\/uploads\/2025\/01\/250128-Reunion-tecnica-RETECH-scaled.jpg\" class=\"wp-image-22691 jarallax-img is-layout-constrained wp-block-nk-awb-is-layout-constrained\" width=\"2560\" height=\"2560\" srcset=\"https:\/\/elejido.es\/comercio\/wp-content\/uploads\/2025\/01\/250128-Reunion-tecnica-RETECH-scaled.jpg 2560w, https:\/\/elejido.es\/comercio\/wp-content\/uploads\/2025\/01\/250128-Reunion-tecnica-RETECH-500x500.jpg 500w, https:\/\/elejido.es\/comercio\/wp-content\/uploads\/2025\/01\/250128-Reunion-tecnica-RETECH-1080x1080.jpg 1080w, https:\/\/elejido.es\/comercio\/wp-content\/uploads\/2025\/01\/250128-Reunion-tecnica-RETECH-150x150.jpg 150w, https:\/\/elejido.es\/comercio\/wp-content\/uploads\/2025\/01\/250128-Reunion-tecnica-RETECH-768x768.jpg 768w, https:\/\/elejido.es\/comercio\/wp-content\/uploads\/2025\/01\/250128-Reunion-tecnica-RETECH-1536x1536.jpg 1536w, https:\/\/elejido.es\/comercio\/wp-content\/uploads\/2025\/01\/250128-Reunion-tecnica-RETECH-2048x2048.jpg 2048w, https:\/\/elejido.es\/comercio\/wp-content\/uploads\/2025\/01\/250128-Reunion-tecnica-RETECH-800x800.jpg 800w, https:\/\/elejido.es\/comercio\/wp-content\/uploads\/2025\/01\/250128-Reunion-tecnica-RETECH-1280x1280.jpg 1280w, https:\/\/elejido.es\/comercio\/wp-content\/uploads\/2025\/01\/250128-Reunion-tecnica-RETECH-1920x1920.jpg 1920w, https:\/\/elejido.es\/comercio\/wp-content\/uploads\/2025\/01\/250128-Reunion-tecnica-RETECH-600x600.jpg 600w\" sizes=\"auto, (max-width: 2560px) 100vw, 2560px\" \/><\/div><\/div>\n<h3 class=\"has-text-align-center has-white-color has-text-color wp-block-heading\">Actualidad<\/h3>\n\n\n\n<h2 class=\"has-text-align-center has-white-color has-text-color wp-block-heading\"><strong><strong><strong>Primera reuni\u00f3n t\u00e9cnica para la puesta en marcha del nodo de emprendimiento digital Agrotech en El Ejido incluido en el Programa Retech<\/strong><\/strong><\/strong><\/h2>\n\n\n<p style='color:white'>28 enero, 2025<\/p>\n<\/div>\n\n\n\n<div style=\"height:100px\" aria-hidden=\"true\" class=\"wp-block-spacer\"><\/div>\n\n\n\n<div class=\"wp-block-group container justificarTexto\"><div class=\"wp-block-group__inner-container is-layout-flow wp-block-group-is-layout-flow\">\n<p><em><strong>El proyecto va a ser una realidad gracias al convenio que rubricaron el consejero de la Presidencia, Interior, Di\u00e1logo Social y Simplificaci\u00f3n Administrativa, Antonio Sanz, y el alcalde de El Ejido, Francisco G\u00f3ngora, entre la Junta de Andaluc\u00eda, a trav\u00e9s de la Agencia Digital de Andaluc\u00eda (ADA), y el Ayuntamiento<\/strong><\/em><\/p>\n\n\n\n<p><a><\/a> <em><strong>Francisco G\u00f3ngora: \u201cEl Ejido es el lugar id\u00f3neo para la apertura de un centro de estas caracter\u00edsticas puesto que el modelo agr\u00edcola ejidense destaca por su apuesta por el uso de la tecnolog\u00eda y la digitalizaci\u00f3n para ser a\u00fan m\u00e1s eficiente y seguir incrementando su calidad\u201d<\/strong><\/em><\/p>\n\n\n\n<p><em><strong>El Centro de la Cultura Mediterr\u00e1nea ser\u00e1 la sede de este nuevo espacio de emprendimiento que tendr\u00e1 dos grandes ejes: programas y servicios especializados para iniciativas alineadas con la agricultura tecnol\u00f3gica y colaboraci\u00f3n entre empresas y pymes con startups que desarrollan soluciones digitales<\/strong><\/em><\/p>\n\n\n\n<p><strong>El Ejido, 28 de enero de 2025.-<\/strong> Ayuntamiento de El Ejido y Junta de Andaluc\u00eda, a trav\u00e9s de la Agencia Digital de Andaluc\u00eda (ADA), trabajan conjuntamente para la puesta en marcha del nodo de emprendimiento digital Agrotech en el municipio.<\/p>\n\n\n\n<p>As\u00ed, el Consistorio ha acogido esta ma\u00f1ana una reuni\u00f3n t\u00e9cnica con la que avanzar en todos los aspectos necesarios para que el proyecto sea una realidad en breve con atenci\u00f3n tanto al dise\u00f1o del espacio f\u00edsico, como al programa y actividades que ofrecer\u00e1 el centro para captar la atenci\u00f3n de empresas del sector.<\/p>\n\n\n\n<p>El alcalde de El Ejido, Francisco G\u00f3ngora, ha estado presente en la reuni\u00f3n en la que han participado los concejales de Agricultura y Medio Ambiente, Manuel Mart\u00ednez, y de Turismo, Comercio y Fomento, Mar\u00eda Herminia Padial, as\u00ed como t\u00e9cnicos municipales y responsables de la Agencia Digital de Andaluc\u00eda.<\/p>\n\n\n\n<p>G\u00f3ngora ha destacado que \u201cEl Ejido es el lugar id\u00f3neo para la apertura de un centro de estas caracter\u00edsticas puesto que el modelo agr\u00edcola ejidense destaca por su apuesta por el uso de la tecnolog\u00eda y la digitalizaci\u00f3n para ser a\u00fan m\u00e1s eficiente y seguir incrementando su calidad\u201d.<\/p>\n\n\n\n<p>Este nodo digital, incluido en el proyecto Redes de emprendimiento digital del Programa Retech, se ubicar\u00e1 en el Centro de Interpretaci\u00f3n de la Cultura Mediterr\u00e1nea y acoger\u00e1 empresas de base tecnol\u00f3gica que trabajan en la b\u00fasqueda de soluciones enfocadas al desarrollo del sector agro y a hacer de \u00e9l un sector a\u00fan m\u00e1s competitivo, puntero y que siga siendo de referencia a nivel internacional y mundial.<\/p>\n\n\n\n<p>Y es que como ha recordado G\u00f3ngora \u201cel modelo de agricultura de Almer\u00eda es un referente en producci\u00f3n bajo pl\u00e1stico a nivel mundial y lo va a seguir siendo con el apoyo de la tecnolog\u00eda, la digitalizaci\u00f3n y la inteligencia artificial\u201d.<\/p>\n\n\n\n<p>El proyecto cuenta con un presupuesto inicial de 1,4 millones de euros para la puesta en marcha del centro y el desarrollo de actividades de emprendimiento digital e innovaci\u00f3n abierta, a trav\u00e9s de aulas de formaci\u00f3n, espacio coworking, convirti\u00e9ndose en uno de los cuatro centros que se ubicar\u00e1n en toda Andaluc\u00eda dentro del programa Retech.<\/p>\n\n\n\n<p>El proyecto pretende impulsar los ecosistemas locales de emprendimiento digital desde dos grandes ejes de actuaci\u00f3n que pasan por programas y servicios especializados de formaci\u00f3n, incubaci\u00f3n, aceleraci\u00f3n y escalado a iniciativas emprendedoras y startups digitales alineadas con el sector de especializaci\u00f3n de cada nodo, en el caso de El Ejido, con la agricultura tecnol\u00f3gica, as\u00ed como la difusi\u00f3n de programas y actividades de innovaci\u00f3n abierta, mediante la colaboraci\u00f3n entre grandes empresas y pymes con startups que desarrollan soluciones digitales dirigidas al sector.<\/p>\n\n\n\n<p>Cabe recordar que el pasado 18 de noviembre, el alcalde de El Ejido y el consejero de la Presidencia, Interior, Di\u00e1logo Social y Simplificaci\u00f3n Administrativa, Antonio Sanz, firmaron el convenio entre el Ayuntamiento y la Junta de Andaluc\u00eda, a trav\u00e9s de la Agencia Digital de Andaluc\u00eda (ADA), para la puesta en marcha de este nodo de emprendimiento digital que se centrar\u00e1 en la agricultura tecnol\u00f3gica.<\/p>\n\n\n\n<div style=\"height:100px\" aria-hidden=\"true\" class=\"wp-block-spacer\"><\/div>\n\n\n\n<h2 class=\"has-text-align-center wp-block-heading\">Lo \u00faltimo<\/h2>\n\n\n\n<div style=\"text-align: center\"><a href=\"https:\/\/app.elejido.es\/comercio\/?cat=381\">Ver todo<\/a><\/div>\n\n\n\n<div style=\"height:25px\" aria-hidden=\"true\" class=\"wp-block-spacer\"><\/div>\n\n\n<div\n\t\t\t\n\t\t\tclass=\"so-widget-lsow-posts-carousel so-widget-lsow-posts-carousel-default-3dd089290af6\"\n\t\t\t\n\t\t><div id=\"lsow-posts-carousel-69f1cda21e954\" class=\"lsow-posts-carousel lsow-container\" data-settings='{\"arrows\":true,\"dots\":false,\"autoplay\":false,\"autoplay_speed\":3000,\"animation_speed\":300,\"pause_on_hover\":true,\"display_columns\":3,\"scroll_columns\":3,\"gutter\":10,\"so_field_container_state\":\"open\",\"customize\":\"\",\"tablet_width\":800,\"tablet_display_columns\":2,\"tablet_scroll_columns\":1,\"mobile_width\":480,\"mobile_display_columns\":1,\"mobile_scroll_columns\":1}'><div data-id=\"id-23230\" class=\"lsow-posts-carousel-item\"><article id=\"post-23230\" class=\"post-23230 post type-post status-publish format-standard has-post-thumbnail hentry category-actualidad entry has-media\"><div class=\"lsow-project-image\"><a href=\"https:\/\/elejido.es\/comercio\/index.php\/ayuntamiento-y-comerciantes-exploran-nuevas-acciones-de-dinamizacion-y-promocion-conjuntas-para-acercar-el-comercio-local-a-los-ejidenses-y-ofrecerles-una-experiencia-diferencial\/\" target=\"_self\"><img loading=\"lazy\" decoding=\"async\" width=\"500\" height=\"281\" src=\"https:\/\/elejido.es\/comercio\/wp-content\/uploads\/2026\/03\/260309-MESA-DE-TRABAJO-PLAN-ESTRATEGICO-DE-COMERCIO-1-Cropped-1-500x281.jpg\" class=\"attachment-awb_sm size-awb_sm wp-post-image\" alt=\"\" srcset=\"https:\/\/elejido.es\/comercio\/wp-content\/uploads\/2026\/03\/260309-MESA-DE-TRABAJO-PLAN-ESTRATEGICO-DE-COMERCIO-1-Cropped-1-500x281.jpg 500w, https:\/\/elejido.es\/comercio\/wp-content\/uploads\/2026\/03\/260309-MESA-DE-TRABAJO-PLAN-ESTRATEGICO-DE-COMERCIO-1-Cropped-1-1920x1080.jpg 1920w, https:\/\/elejido.es\/comercio\/wp-content\/uploads\/2026\/03\/260309-MESA-DE-TRABAJO-PLAN-ESTRATEGICO-DE-COMERCIO-1-Cropped-1-768x432.jpg 768w, https:\/\/elejido.es\/comercio\/wp-content\/uploads\/2026\/03\/260309-MESA-DE-TRABAJO-PLAN-ESTRATEGICO-DE-COMERCIO-1-Cropped-1-1536x864.jpg 1536w, https:\/\/elejido.es\/comercio\/wp-content\/uploads\/2026\/03\/260309-MESA-DE-TRABAJO-PLAN-ESTRATEGICO-DE-COMERCIO-1-Cropped-1-2048x1152.jpg 2048w, https:\/\/elejido.es\/comercio\/wp-content\/uploads\/2026\/03\/260309-MESA-DE-TRABAJO-PLAN-ESTRATEGICO-DE-COMERCIO-1-Cropped-1-800x450.jpg 800w, https:\/\/elejido.es\/comercio\/wp-content\/uploads\/2026\/03\/260309-MESA-DE-TRABAJO-PLAN-ESTRATEGICO-DE-COMERCIO-1-Cropped-1-1280x720.jpg 1280w\" sizes=\"auto, (max-width: 500px) 100vw, 500px\" \/><\/a><div class=\"lsow-image-info\"><div class=\"lsow-entry-info\"><h3 class=\"lsow-post-title\"><a href=\"https:\/\/elejido.es\/comercio\/index.php\/ayuntamiento-y-comerciantes-exploran-nuevas-acciones-de-dinamizacion-y-promocion-conjuntas-para-acercar-el-comercio-local-a-los-ejidenses-y-ofrecerles-una-experiencia-diferencial\/\" title=\"<strong>Ayuntamiento y comerciantes exploran nuevas acciones de dinamizaci\u00f3n y promoci\u00f3n conjuntas para acercar el comercio local a los ejidenses y ofrecerles una experiencia diferencial<\/strong>\u00bb target=\u00bb_self\u00bb rel=\u00bbbookmark\u00bb><strong>Ayuntamiento y comerciantes exploran nuevas acciones de dinamizaci\u00f3n y promoci\u00f3n conjuntas para acercar el comercio local a los ejidenses y ofrecerles una experiencia diferencial<\/strong><\/a><\/h3><\/div><\/div><!-- .lsow-image-info --><\/div><div class=\"lsow-entry-text-wrap \"><h3 class=\"entry-title\"><a href=\"https:\/\/elejido.es\/comercio\/index.php\/ayuntamiento-y-comerciantes-exploran-nuevas-acciones-de-dinamizacion-y-promocion-conjuntas-para-acercar-el-comercio-local-a-los-ejidenses-y-ofrecerles-una-experiencia-diferencial\/\" title=\"<strong>Ayuntamiento y comerciantes exploran nuevas acciones de dinamizaci\u00f3n y promoci\u00f3n conjuntas para acercar el comercio local a los ejidenses y ofrecerles una experiencia diferencial<\/strong>\u00bb target=\u00bb_self\u00bb rel=\u00bbbookmark\u00bb><strong>Ayuntamiento y comerciantes exploran nuevas acciones de dinamizaci\u00f3n y promoci\u00f3n conjuntas para acercar el comercio local a los ejidenses y ofrecerles una experiencia diferencial<\/strong><\/a><\/h3><\/div><\/article><!-- .hentry --><\/div><!-- .lsow-posts-carousel-item --><div data-id=\"id-23215\" class=\"lsow-posts-carousel-item\"><article id=\"post-23215\" class=\"post-23215 post type-post status-publish format-standard has-post-thumbnail hentry category-actualidad entry has-media\"><div class=\"lsow-project-image\"><a href=\"https:\/\/elejido.es\/comercio\/index.php\/la-campana-de-dinamizacion-por-san-valentin-tequierolocal-concluye-con-un-gran-exito-y-contribuye-a-reforzar-la-actividad-comercial-en-el-ejido\/\" target=\"_self\"><img loading=\"lazy\" decoding=\"async\" width=\"500\" height=\"375\" src=\"https:\/\/elejido.es\/comercio\/wp-content\/uploads\/2026\/02\/WhatsApp-Image-2026-01-21-at-13.58.13-Cropped-1-500x375.jpg\" class=\"attachment-awb_sm size-awb_sm wp-post-image\" alt=\"\" srcset=\"https:\/\/elejido.es\/comercio\/wp-content\/uploads\/2026\/02\/WhatsApp-Image-2026-01-21-at-13.58.13-Cropped-1-500x375.jpg 500w, https:\/\/elejido.es\/comercio\/wp-content\/uploads\/2026\/02\/WhatsApp-Image-2026-01-21-at-13.58.13-Cropped-1-768x576.jpg 768w, https:\/\/elejido.es\/comercio\/wp-content\/uploads\/2026\/02\/WhatsApp-Image-2026-01-21-at-13.58.13-Cropped-1-800x600.jpg 800w, https:\/\/elejido.es\/comercio\/wp-content\/uploads\/2026\/02\/WhatsApp-Image-2026-01-21-at-13.58.13-Cropped-1.jpg 1080w\" sizes=\"auto, (max-width: 500px) 100vw, 500px\" \/><\/a><div class=\"lsow-image-info\"><div class=\"lsow-entry-info\"><h3 class=\"lsow-post-title\"><a href=\"https:\/\/elejido.es\/comercio\/index.php\/la-campana-de-dinamizacion-por-san-valentin-tequierolocal-concluye-con-un-gran-exito-y-contribuye-a-reforzar-la-actividad-comercial-en-el-ejido\/\" title=\"<strong>La campa\u00f1a de dinamizaci\u00f3n por San Valent\u00edn \u2018TeQuieroLocal\u2019 concluye con un gran \u00e9xito y contribuye a reforzar la actividad comercial en El Ejido<\/strong>\u00bb target=\u00bb_self\u00bb rel=\u00bbbookmark\u00bb><strong>La campa\u00f1a de dinamizaci\u00f3n por San Valent\u00edn \u2018TeQuieroLocal\u2019 concluye con un gran \u00e9xito y contribuye a reforzar la actividad comercial en El Ejido<\/strong><\/a><\/h3><\/div><\/div><!-- .lsow-image-info --><\/div><div class=\"lsow-entry-text-wrap \"><h3 class=\"entry-title\"><a href=\"https:\/\/elejido.es\/comercio\/index.php\/la-campana-de-dinamizacion-por-san-valentin-tequierolocal-concluye-con-un-gran-exito-y-contribuye-a-reforzar-la-actividad-comercial-en-el-ejido\/\" title=\"<strong>La campa\u00f1a de dinamizaci\u00f3n por San Valent\u00edn \u2018TeQuieroLocal\u2019 concluye con un gran \u00e9xito y contribuye a reforzar la actividad comercial en El Ejido<\/strong>\u00bb target=\u00bb_self\u00bb rel=\u00bbbookmark\u00bb><strong>La campa\u00f1a de dinamizaci\u00f3n por San Valent\u00edn \u2018TeQuieroLocal\u2019 concluye con un gran \u00e9xito y contribuye a reforzar la actividad comercial en El Ejido<\/strong><\/a><\/h3><\/div><\/article><!-- .hentry --><\/div><!-- .lsow-posts-carousel-item --><div data-id=\"id-23205\" class=\"lsow-posts-carousel-item\"><article id=\"post-23205\" class=\"post-23205 post type-post status-publish format-standard has-post-thumbnail hentry category-actualidad entry has-media\"><div class=\"lsow-project-image\"><a href=\"https:\/\/elejido.es\/comercio\/index.php\/arranca-la-campana-de-dinamizacion-tequierolocal-para-fomentar-el-consumo-y-las-compras-en-los-comercios-de-proximidad\/\" target=\"_self\"><img loading=\"lazy\" decoding=\"async\" width=\"500\" height=\"312\" src=\"https:\/\/elejido.es\/comercio\/wp-content\/uploads\/2026\/02\/WhatsApp-Image-2026-02-12-at-08.07.44-Cropped-1-500x312.jpg\" class=\"attachment-awb_sm size-awb_sm wp-post-image\" alt=\"\" srcset=\"https:\/\/elejido.es\/comercio\/wp-content\/uploads\/2026\/02\/WhatsApp-Image-2026-02-12-at-08.07.44-Cropped-1-500x312.jpg 500w, https:\/\/elejido.es\/comercio\/wp-content\/uploads\/2026\/02\/WhatsApp-Image-2026-02-12-at-08.07.44-Cropped-1-768x480.jpg 768w, https:\/\/elejido.es\/comercio\/wp-content\/uploads\/2026\/02\/WhatsApp-Image-2026-02-12-at-08.07.44-Cropped-1-800x500.jpg 800w, https:\/\/elejido.es\/comercio\/wp-content\/uploads\/2026\/02\/WhatsApp-Image-2026-02-12-at-08.07.44-Cropped-1-1280x800.jpg 1280w, https:\/\/elejido.es\/comercio\/wp-content\/uploads\/2026\/02\/WhatsApp-Image-2026-02-12-at-08.07.44-Cropped-1.jpg 1500w\" sizes=\"auto, (max-width: 500px) 100vw, 500px\" \/><\/a><div class=\"lsow-image-info\"><div class=\"lsow-entry-info\"><h3 class=\"lsow-post-title\"><a href=\"https:\/\/elejido.es\/comercio\/index.php\/arranca-la-campana-de-dinamizacion-tequierolocal-para-fomentar-el-consumo-y-las-compras-en-los-comercios-de-proximidad\/\" title=\"<strong>Arranca la campa\u00f1a de dinamizaci\u00f3n #TeQuieroLocal para fomentar el consumo y las compras en los comercios de proximidad<\/strong>\u00bb target=\u00bb_self\u00bb rel=\u00bbbookmark\u00bb><strong>Arranca la campa\u00f1a de dinamizaci\u00f3n #TeQuieroLocal para fomentar el consumo y las compras en los comercios de proximidad<\/strong><\/a><\/h3><\/div><\/div><!-- .lsow-image-info --><\/div><div class=\"lsow-entry-text-wrap \"><h3 class=\"entry-title\"><a href=\"https:\/\/elejido.es\/comercio\/index.php\/arranca-la-campana-de-dinamizacion-tequierolocal-para-fomentar-el-consumo-y-las-compras-en-los-comercios-de-proximidad\/\" title=\"<strong>Arranca la campa\u00f1a de dinamizaci\u00f3n #TeQuieroLocal para fomentar el consumo y las compras en los comercios de proximidad<\/strong>\u00bb target=\u00bb_self\u00bb rel=\u00bbbookmark\u00bb><strong>Arranca la campa\u00f1a de dinamizaci\u00f3n #TeQuieroLocal para fomentar el consumo y las compras en los comercios de proximidad<\/strong><\/a><\/h3><\/div><\/article><!-- .hentry --><\/div><!-- .lsow-posts-carousel-item --><div data-id=\"id-23198\" class=\"lsow-posts-carousel-item\"><article id=\"post-23198\" class=\"post-23198 post type-post status-publish format-standard has-post-thumbnail hentry category-actualidad entry has-media\"><div class=\"lsow-project-image\"><a href=\"https:\/\/elejido.es\/comercio\/index.php\/la-primera-comision-de-trabajo-del-plan-estrategico-de-comercio-de-el-ejido-se-reune-para-avanzar-en-su-implantacion-y-fortalecer-al-sector\/\" target=\"_self\"><img loading=\"lazy\" decoding=\"async\" width=\"500\" height=\"500\" src=\"https:\/\/elejido.es\/comercio\/wp-content\/uploads\/2026\/02\/260203-PRIMERA-MESA-PLAN-ESTRATEGICO-COMERCIO-2-Cropped-500x500.jpg\" class=\"attachment-awb_sm size-awb_sm wp-post-image\" alt=\"\" srcset=\"https:\/\/elejido.es\/comercio\/wp-content\/uploads\/2026\/02\/260203-PRIMERA-MESA-PLAN-ESTRATEGICO-COMERCIO-2-Cropped-500x500.jpg 500w, https:\/\/elejido.es\/comercio\/wp-content\/uploads\/2026\/02\/260203-PRIMERA-MESA-PLAN-ESTRATEGICO-COMERCIO-2-Cropped-1080x1080.jpg 1080w, https:\/\/elejido.es\/comercio\/wp-content\/uploads\/2026\/02\/260203-PRIMERA-MESA-PLAN-ESTRATEGICO-COMERCIO-2-Cropped-150x150.jpg 150w, https:\/\/elejido.es\/comercio\/wp-content\/uploads\/2026\/02\/260203-PRIMERA-MESA-PLAN-ESTRATEGICO-COMERCIO-2-Cropped-768x768.jpg 768w, https:\/\/elejido.es\/comercio\/wp-content\/uploads\/2026\/02\/260203-PRIMERA-MESA-PLAN-ESTRATEGICO-COMERCIO-2-Cropped-1536x1536.jpg 1536w, https:\/\/elejido.es\/comercio\/wp-content\/uploads\/2026\/02\/260203-PRIMERA-MESA-PLAN-ESTRATEGICO-COMERCIO-2-Cropped-2048x2048.jpg 2048w, https:\/\/elejido.es\/comercio\/wp-content\/uploads\/2026\/02\/260203-PRIMERA-MESA-PLAN-ESTRATEGICO-COMERCIO-2-Cropped-800x800.jpg 800w, https:\/\/elejido.es\/comercio\/wp-content\/uploads\/2026\/02\/260203-PRIMERA-MESA-PLAN-ESTRATEGICO-COMERCIO-2-Cropped-1280x1280.jpg 1280w, https:\/\/elejido.es\/comercio\/wp-content\/uploads\/2026\/02\/260203-PRIMERA-MESA-PLAN-ESTRATEGICO-COMERCIO-2-Cropped-1920x1920.jpg 1920w, https:\/\/elejido.es\/comercio\/wp-content\/uploads\/2026\/02\/260203-PRIMERA-MESA-PLAN-ESTRATEGICO-COMERCIO-2-Cropped-600x600.jpg 600w\" sizes=\"auto, (max-width: 500px) 100vw, 500px\" \/><\/a><div class=\"lsow-image-info\"><div class=\"lsow-entry-info\"><h3 class=\"lsow-post-title\"><a href=\"https:\/\/elejido.es\/comercio\/index.php\/la-primera-comision-de-trabajo-del-plan-estrategico-de-comercio-de-el-ejido-se-reune-para-avanzar-en-su-implantacion-y-fortalecer-al-sector\/\" title=\"<strong>La primera Comisi\u00f3n de Trabajo del Plan Estrat\u00e9gico de Comercio de El Ejido se re\u00fane para avanzar en su implantaci\u00f3n y fortalecer al sector<\/strong>\u00bb target=\u00bb_self\u00bb rel=\u00bbbookmark\u00bb><strong>La primera Comisi\u00f3n de Trabajo del Plan Estrat\u00e9gico de Comercio de El Ejido se re\u00fane para avanzar en su implantaci\u00f3n y fortalecer al sector<\/strong><\/a><\/h3><\/div><\/div><!-- .lsow-image-info --><\/div><div class=\"lsow-entry-text-wrap \"><h3 class=\"entry-title\"><a href=\"https:\/\/elejido.es\/comercio\/index.php\/la-primera-comision-de-trabajo-del-plan-estrategico-de-comercio-de-el-ejido-se-reune-para-avanzar-en-su-implantacion-y-fortalecer-al-sector\/\" title=\"<strong>La primera Comisi\u00f3n de Trabajo del Plan Estrat\u00e9gico de Comercio de El Ejido se re\u00fane para avanzar en su implantaci\u00f3n y fortalecer al sector<\/strong>\u00bb target=\u00bb_self\u00bb rel=\u00bbbookmark\u00bb><strong>La primera Comisi\u00f3n de Trabajo del Plan Estrat\u00e9gico de Comercio de El Ejido se re\u00fane para avanzar en su implantaci\u00f3n y fortalecer al sector<\/strong><\/a><\/h3><\/div><\/article><!-- .hentry --><\/div><!-- .lsow-posts-carousel-item --><div data-id=\"id-23183\" class=\"lsow-posts-carousel-item\"><article id=\"post-23183\" class=\"post-23183 post type-post status-publish format-standard has-post-thumbnail hentry category-actualidad entry has-media\"><div class=\"lsow-project-image\"><a href=\"https:\/\/elejido.es\/comercio\/index.php\/el-ejido-se-sumerge-en-la-magia-de-la-navidad-con-el-encendido-de-la-iluminacion-extraordinaria-de-navidad-y-la-apertura-de-little-park-que-hace-brillar-la-ilusion-en-el-ejido\/\" target=\"_self\"><img loading=\"lazy\" decoding=\"async\" width=\"500\" height=\"313\" src=\"https:\/\/elejido.es\/comercio\/wp-content\/uploads\/2025\/12\/251125-ENCENDIDO-NAVIDAD-EL-EJIDO-3-Cropped-500x313.jpg\" class=\"attachment-awb_sm size-awb_sm wp-post-image\" alt=\"\" srcset=\"https:\/\/elejido.es\/comercio\/wp-content\/uploads\/2025\/12\/251125-ENCENDIDO-NAVIDAD-EL-EJIDO-3-Cropped-500x313.jpg 500w, https:\/\/elejido.es\/comercio\/wp-content\/uploads\/2025\/12\/251125-ENCENDIDO-NAVIDAD-EL-EJIDO-3-Cropped-1728x1080.jpg 1728w, https:\/\/elejido.es\/comercio\/wp-content\/uploads\/2025\/12\/251125-ENCENDIDO-NAVIDAD-EL-EJIDO-3-Cropped-768x480.jpg 768w, https:\/\/elejido.es\/comercio\/wp-content\/uploads\/2025\/12\/251125-ENCENDIDO-NAVIDAD-EL-EJIDO-3-Cropped-1536x960.jpg 1536w, https:\/\/elejido.es\/comercio\/wp-content\/uploads\/2025\/12\/251125-ENCENDIDO-NAVIDAD-EL-EJIDO-3-Cropped-2048x1280.jpg 2048w, https:\/\/elejido.es\/comercio\/wp-content\/uploads\/2025\/12\/251125-ENCENDIDO-NAVIDAD-EL-EJIDO-3-Cropped-800x500.jpg 800w, https:\/\/elejido.es\/comercio\/wp-content\/uploads\/2025\/12\/251125-ENCENDIDO-NAVIDAD-EL-EJIDO-3-Cropped-1280x800.jpg 1280w, https:\/\/elejido.es\/comercio\/wp-content\/uploads\/2025\/12\/251125-ENCENDIDO-NAVIDAD-EL-EJIDO-3-Cropped-1920x1200.jpg 1920w\" sizes=\"auto, (max-width: 500px) 100vw, 500px\" \/><\/a><div class=\"lsow-image-info\"><div class=\"lsow-entry-info\"><h3 class=\"lsow-post-title\"><a href=\"https:\/\/elejido.es\/comercio\/index.php\/el-ejido-se-sumerge-en-la-magia-de-la-navidad-con-el-encendido-de-la-iluminacion-extraordinaria-de-navidad-y-la-apertura-de-little-park-que-hace-brillar-la-ilusion-en-el-ejido\/\" title=\"<strong>El Ejido se sumerge en la magia de la Navidad con el encendido de la iluminaci\u00f3n extraordinaria de Navidad y la apertura de Little Park que hace brillar la ilusi\u00f3n en El Ejido<\/strong>\u00bb target=\u00bb_self\u00bb rel=\u00bbbookmark\u00bb><strong>El Ejido se sumerge en la magia de la Navidad con el encendido de la iluminaci\u00f3n extraordinaria de Navidad y la apertura de Little Park que hace brillar la ilusi\u00f3n en El Ejido<\/strong><\/a><\/h3><\/div><\/div><!-- .lsow-image-info --><\/div><div class=\"lsow-entry-text-wrap \"><h3 class=\"entry-title\"><a href=\"https:\/\/elejido.es\/comercio\/index.php\/el-ejido-se-sumerge-en-la-magia-de-la-navidad-con-el-encendido-de-la-iluminacion-extraordinaria-de-navidad-y-la-apertura-de-little-park-que-hace-brillar-la-ilusion-en-el-ejido\/\" title=\"<strong>El Ejido se sumerge en la magia de la Navidad con el encendido de la iluminaci\u00f3n extraordinaria de Navidad y la apertura de Little Park que hace brillar la ilusi\u00f3n en El Ejido<\/strong>\u00bb target=\u00bb_self\u00bb rel=\u00bbbookmark\u00bb><strong>El Ejido se sumerge en la magia de la Navidad con el encendido de la iluminaci\u00f3n extraordinaria de Navidad y la apertura de Little Park que hace brillar la ilusi\u00f3n en El Ejido<\/strong><\/a><\/h3><\/div><\/article><!-- .hentry --><\/div><!-- .lsow-posts-carousel-item --><div data-id=\"id-23178\" class=\"lsow-posts-carousel-item\"><article id=\"post-23178\" class=\"post-23178 post type-post status-publish format-standard has-post-thumbnail hentry category-actualidad entry has-media\"><div class=\"lsow-project-image\"><a href=\"https:\/\/elejido.es\/comercio\/index.php\/el-ejido-impulsa-su-comercio-local-con-la-campana-rascas-black-week\/\" target=\"_self\"><img loading=\"lazy\" decoding=\"async\" width=\"500\" height=\"313\" src=\"https:\/\/elejido.es\/comercio\/wp-content\/uploads\/2025\/11\/251124-CAMPANA-COMERCIAL-BLACK-WEEK-RASCA-Y-GANA-Cropped-1-500x313.jpg\" class=\"attachment-awb_sm size-awb_sm wp-post-image\" alt=\"\" srcset=\"https:\/\/elejido.es\/comercio\/wp-content\/uploads\/2025\/11\/251124-CAMPANA-COMERCIAL-BLACK-WEEK-RASCA-Y-GANA-Cropped-1-500x313.jpg 500w, https:\/\/elejido.es\/comercio\/wp-content\/uploads\/2025\/11\/251124-CAMPANA-COMERCIAL-BLACK-WEEK-RASCA-Y-GANA-Cropped-1-1728x1080.jpg 1728w, https:\/\/elejido.es\/comercio\/wp-content\/uploads\/2025\/11\/251124-CAMPANA-COMERCIAL-BLACK-WEEK-RASCA-Y-GANA-Cropped-1-768x480.jpg 768w, https:\/\/elejido.es\/comercio\/wp-content\/uploads\/2025\/11\/251124-CAMPANA-COMERCIAL-BLACK-WEEK-RASCA-Y-GANA-Cropped-1-1536x960.jpg 1536w, https:\/\/elejido.es\/comercio\/wp-content\/uploads\/2025\/11\/251124-CAMPANA-COMERCIAL-BLACK-WEEK-RASCA-Y-GANA-Cropped-1-2048x1280.jpg 2048w, https:\/\/elejido.es\/comercio\/wp-content\/uploads\/2025\/11\/251124-CAMPANA-COMERCIAL-BLACK-WEEK-RASCA-Y-GANA-Cropped-1-800x500.jpg 800w, https:\/\/elejido.es\/comercio\/wp-content\/uploads\/2025\/11\/251124-CAMPANA-COMERCIAL-BLACK-WEEK-RASCA-Y-GANA-Cropped-1-1280x800.jpg 1280w, https:\/\/elejido.es\/comercio\/wp-content\/uploads\/2025\/11\/251124-CAMPANA-COMERCIAL-BLACK-WEEK-RASCA-Y-GANA-Cropped-1-1920x1200.jpg 1920w\" sizes=\"auto, (max-width: 500px) 100vw, 500px\" \/><\/a><div class=\"lsow-image-info\"><div class=\"lsow-entry-info\"><h3 class=\"lsow-post-title\"><a href=\"https:\/\/elejido.es\/comercio\/index.php\/el-ejido-impulsa-su-comercio-local-con-la-campana-rascas-black-week\/\" title=\"<strong>El Ejido impulsa su comercio local con la campa\u00f1a \u2018Rascas Black Week<\/strong>\u00bb target=\u00bb_self\u00bb rel=\u00bbbookmark\u00bb><strong>El Ejido impulsa su comercio local con la campa\u00f1a \u2018Rascas Black Week<\/strong><\/a><\/h3><\/div><\/div><!-- .lsow-image-info --><\/div><div class=\"lsow-entry-text-wrap \"><h3 class=\"entry-title\"><a href=\"https:\/\/elejido.es\/comercio\/index.php\/el-ejido-impulsa-su-comercio-local-con-la-campana-rascas-black-week\/\" title=\"<strong>El Ejido impulsa su comercio local con la campa\u00f1a \u2018Rascas Black Week<\/strong>\u00bb target=\u00bb_self\u00bb rel=\u00bbbookmark\u00bb><strong>El Ejido impulsa su comercio local con la campa\u00f1a \u2018Rascas Black Week<\/strong><\/a><\/h3><\/div><\/article><!-- .hentry --><\/div><!-- .lsow-posts-carousel-item --><div data-id=\"id-23171\" class=\"lsow-posts-carousel-item\"><article id=\"post-23171\" class=\"post-23171 post type-post status-publish format-standard has-post-thumbnail hentry category-actualidad entry has-media\"><div class=\"lsow-project-image\"><a href=\"https:\/\/elejido.es\/comercio\/index.php\/la-omic-invita-a-celebrar-la-navidad-con-un-consumo-responsable\/\" target=\"_self\"><img loading=\"lazy\" decoding=\"async\" width=\"500\" height=\"313\" src=\"https:\/\/elejido.es\/comercio\/wp-content\/uploads\/2025\/11\/251121-CAMPANA-OMIC-1-Cropped-3-500x313.jpg\" class=\"attachment-awb_sm size-awb_sm wp-post-image\" alt=\"\" srcset=\"https:\/\/elejido.es\/comercio\/wp-content\/uploads\/2025\/11\/251121-CAMPANA-OMIC-1-Cropped-3-500x313.jpg 500w, https:\/\/elejido.es\/comercio\/wp-content\/uploads\/2025\/11\/251121-CAMPANA-OMIC-1-Cropped-3-1728x1080.jpg 1728w, https:\/\/elejido.es\/comercio\/wp-content\/uploads\/2025\/11\/251121-CAMPANA-OMIC-1-Cropped-3-768x480.jpg 768w, https:\/\/elejido.es\/comercio\/wp-content\/uploads\/2025\/11\/251121-CAMPANA-OMIC-1-Cropped-3-1536x960.jpg 1536w, https:\/\/elejido.es\/comercio\/wp-content\/uploads\/2025\/11\/251121-CAMPANA-OMIC-1-Cropped-3-2048x1280.jpg 2048w, https:\/\/elejido.es\/comercio\/wp-content\/uploads\/2025\/11\/251121-CAMPANA-OMIC-1-Cropped-3-800x500.jpg 800w, https:\/\/elejido.es\/comercio\/wp-content\/uploads\/2025\/11\/251121-CAMPANA-OMIC-1-Cropped-3-1280x800.jpg 1280w, https:\/\/elejido.es\/comercio\/wp-content\/uploads\/2025\/11\/251121-CAMPANA-OMIC-1-Cropped-3-1920x1200.jpg 1920w\" sizes=\"auto, (max-width: 500px) 100vw, 500px\" \/><\/a><div class=\"lsow-image-info\"><div class=\"lsow-entry-info\"><h3 class=\"lsow-post-title\"><a href=\"https:\/\/elejido.es\/comercio\/index.php\/la-omic-invita-a-celebrar-la-navidad-con-un-consumo-responsable\/\" title=\"<strong>La OMIC invita a celebrar la Navidad con un \u2018consumo responsable\u2019<\/strong>\u00bb target=\u00bb_self\u00bb rel=\u00bbbookmark\u00bb><strong>La OMIC invita a celebrar la Navidad con un \u2018consumo responsable\u2019<\/strong><\/a><\/h3><\/div><\/div><!-- .lsow-image-info --><\/div><div class=\"lsow-entry-text-wrap \"><h3 class=\"entry-title\"><a href=\"https:\/\/elejido.es\/comercio\/index.php\/la-omic-invita-a-celebrar-la-navidad-con-un-consumo-responsable\/\" title=\"<strong>La OMIC invita a celebrar la Navidad con un \u2018consumo responsable\u2019<\/strong>\u00bb target=\u00bb_self\u00bb rel=\u00bbbookmark\u00bb><strong>La OMIC invita a celebrar la Navidad con un \u2018consumo responsable\u2019<\/strong><\/a><\/h3><\/div><\/article><!-- .hentry --><\/div><!-- .lsow-posts-carousel-item --><div data-id=\"id-23159\" class=\"lsow-posts-carousel-item\"><article id=\"post-23159\" class=\"post-23159 post type-post status-publish format-standard has-post-thumbnail hentry category-actualidad entry has-media\"><div class=\"lsow-project-image\"><a href=\"https:\/\/elejido.es\/comercio\/index.php\/100-actividades-y-900-000-puntos-de-luz-para-una-navidad-unica-que-hara-brillar-con-magia-e-ilusion-el-ejido\/\" target=\"_self\"><img loading=\"lazy\" decoding=\"async\" width=\"500\" height=\"313\" src=\"https:\/\/elejido.es\/comercio\/wp-content\/uploads\/2025\/11\/251118-PRESENTACION-PROGRAMACION-NAVIDAD-EL-EJIDO-2-Cropped-1-500x313.jpg\" class=\"attachment-awb_sm size-awb_sm wp-post-image\" alt=\"\" srcset=\"https:\/\/elejido.es\/comercio\/wp-content\/uploads\/2025\/11\/251118-PRESENTACION-PROGRAMACION-NAVIDAD-EL-EJIDO-2-Cropped-1-500x313.jpg 500w, https:\/\/elejido.es\/comercio\/wp-content\/uploads\/2025\/11\/251118-PRESENTACION-PROGRAMACION-NAVIDAD-EL-EJIDO-2-Cropped-1-1728x1080.jpg 1728w, https:\/\/elejido.es\/comercio\/wp-content\/uploads\/2025\/11\/251118-PRESENTACION-PROGRAMACION-NAVIDAD-EL-EJIDO-2-Cropped-1-768x480.jpg 768w, https:\/\/elejido.es\/comercio\/wp-content\/uploads\/2025\/11\/251118-PRESENTACION-PROGRAMACION-NAVIDAD-EL-EJIDO-2-Cropped-1-1536x960.jpg 1536w, https:\/\/elejido.es\/comercio\/wp-content\/uploads\/2025\/11\/251118-PRESENTACION-PROGRAMACION-NAVIDAD-EL-EJIDO-2-Cropped-1-2048x1280.jpg 2048w, https:\/\/elejido.es\/comercio\/wp-content\/uploads\/2025\/11\/251118-PRESENTACION-PROGRAMACION-NAVIDAD-EL-EJIDO-2-Cropped-1-800x500.jpg 800w, https:\/\/elejido.es\/comercio\/wp-content\/uploads\/2025\/11\/251118-PRESENTACION-PROGRAMACION-NAVIDAD-EL-EJIDO-2-Cropped-1-1280x800.jpg 1280w, https:\/\/elejido.es\/comercio\/wp-content\/uploads\/2025\/11\/251118-PRESENTACION-PROGRAMACION-NAVIDAD-EL-EJIDO-2-Cropped-1-1920x1200.jpg 1920w\" sizes=\"auto, (max-width: 500px) 100vw, 500px\" \/><\/a><div class=\"lsow-image-info\"><div class=\"lsow-entry-info\"><h3 class=\"lsow-post-title\"><a href=\"https:\/\/elejido.es\/comercio\/index.php\/100-actividades-y-900-000-puntos-de-luz-para-una-navidad-unica-que-hara-brillar-con-magia-e-ilusion-el-ejido\/\" title=\"<strong>100 actividades y 900.000 puntos de luz para una Navidad \u00fanica que har\u00e1 brillar con magia e ilusi\u00f3n El Ejido<\/strong>\u00bb target=\u00bb_self\u00bb rel=\u00bbbookmark\u00bb><strong>100 actividades y 900.000 puntos de luz para una Navidad \u00fanica que har\u00e1 brillar con magia e ilusi\u00f3n El Ejido<\/strong><\/a><\/h3><\/div><\/div><!-- .lsow-image-info --><\/div><div class=\"lsow-entry-text-wrap \"><h3 class=\"entry-title\"><a href=\"https:\/\/elejido.es\/comercio\/index.php\/100-actividades-y-900-000-puntos-de-luz-para-una-navidad-unica-que-hara-brillar-con-magia-e-ilusion-el-ejido\/\" title=\"<strong>100 actividades y 900.000 puntos de luz para una Navidad \u00fanica que har\u00e1 brillar con magia e ilusi\u00f3n El Ejido<\/strong>\u00bb target=\u00bb_self\u00bb rel=\u00bbbookmark\u00bb><strong>100 actividades y 900.000 puntos de luz para una Navidad \u00fanica que har\u00e1 brillar con magia e ilusi\u00f3n El Ejido<\/strong><\/a><\/h3><\/div><\/article><!-- .hentry --><\/div><!-- .lsow-posts-carousel-item --><div data-id=\"id-23154\" class=\"lsow-posts-carousel-item\"><article id=\"post-23154\" class=\"post-23154 post type-post status-publish format-standard has-post-thumbnail hentry category-actualidad entry has-media\"><div class=\"lsow-project-image\"><a href=\"https:\/\/elejido.es\/comercio\/index.php\/ke-coquetos-abra-vision-y-floristeria-alalba-ganan-el-i-concurso-de-escaparates-de-halloween\/\" target=\"_self\"><img loading=\"lazy\" decoding=\"async\" width=\"500\" height=\"281\" src=\"https:\/\/elejido.es\/comercio\/wp-content\/uploads\/2025\/11\/251112-CONCURSO-ESCAPARATES-HALLOWEEN-1-Cropped-500x281.jpg\" class=\"attachment-awb_sm size-awb_sm wp-post-image\" alt=\"\" srcset=\"https:\/\/elejido.es\/comercio\/wp-content\/uploads\/2025\/11\/251112-CONCURSO-ESCAPARATES-HALLOWEEN-1-Cropped-500x281.jpg 500w, https:\/\/elejido.es\/comercio\/wp-content\/uploads\/2025\/11\/251112-CONCURSO-ESCAPARATES-HALLOWEEN-1-Cropped-1920x1080.jpg 1920w, https:\/\/elejido.es\/comercio\/wp-content\/uploads\/2025\/11\/251112-CONCURSO-ESCAPARATES-HALLOWEEN-1-Cropped-768x432.jpg 768w, https:\/\/elejido.es\/comercio\/wp-content\/uploads\/2025\/11\/251112-CONCURSO-ESCAPARATES-HALLOWEEN-1-Cropped-1536x864.jpg 1536w, https:\/\/elejido.es\/comercio\/wp-content\/uploads\/2025\/11\/251112-CONCURSO-ESCAPARATES-HALLOWEEN-1-Cropped-2048x1152.jpg 2048w, https:\/\/elejido.es\/comercio\/wp-content\/uploads\/2025\/11\/251112-CONCURSO-ESCAPARATES-HALLOWEEN-1-Cropped-800x450.jpg 800w, https:\/\/elejido.es\/comercio\/wp-content\/uploads\/2025\/11\/251112-CONCURSO-ESCAPARATES-HALLOWEEN-1-Cropped-1280x720.jpg 1280w\" sizes=\"auto, (max-width: 500px) 100vw, 500px\" \/><\/a><div class=\"lsow-image-info\"><div class=\"lsow-entry-info\"><h3 class=\"lsow-post-title\"><a href=\"https:\/\/elejido.es\/comercio\/index.php\/ke-coquetos-abra-vision-y-floristeria-alalba-ganan-el-i-concurso-de-escaparates-de-halloween\/\" title=\"<strong>Ke Coquetos, Abra Visi\u00f3n y Florister\u00eda Alalba ganan el I Concurso de Escaparates de Halloween<\/strong>\u00bb target=\u00bb_self\u00bb rel=\u00bbbookmark\u00bb><strong>Ke Coquetos, Abra Visi\u00f3n y Florister\u00eda Alalba ganan el I Concurso de Escaparates de Halloween<\/strong><\/a><\/h3><\/div><\/div><!-- .lsow-image-info --><\/div><div class=\"lsow-entry-text-wrap \"><h3 class=\"entry-title\"><a href=\"https:\/\/elejido.es\/comercio\/index.php\/ke-coquetos-abra-vision-y-floristeria-alalba-ganan-el-i-concurso-de-escaparates-de-halloween\/\" title=\"<strong>Ke Coquetos, Abra Visi\u00f3n y Florister\u00eda Alalba ganan el I Concurso de Escaparates de Halloween<\/strong>\u00bb target=\u00bb_self\u00bb rel=\u00bbbookmark\u00bb><strong>Ke Coquetos, Abra Visi\u00f3n y Florister\u00eda Alalba ganan el I Concurso de Escaparates de Halloween<\/strong><\/a><\/h3><\/div><\/article><!-- .hentry --><\/div><!-- .lsow-posts-carousel-item --><div data-id=\"id-23131\" class=\"lsow-posts-carousel-item\"><article id=\"post-23131\" class=\"post-23131 post type-post status-publish format-standard has-post-thumbnail hentry category-actualidad entry has-media\"><div class=\"lsow-project-image\"><a href=\"https:\/\/elejido.es\/comercio\/index.php\/el-consejo-municipal-de-comercio-y-serviciosse-reune-para-avanzar-en-el-diagnostico-y-el-plan-estrategico-de-el-ejido-para-fortalecer-el-sector\/\" target=\"_self\"><img loading=\"lazy\" decoding=\"async\" width=\"500\" height=\"263\" src=\"https:\/\/elejido.es\/comercio\/wp-content\/uploads\/2025\/10\/todos-500x263.jpg\" class=\"attachment-awb_sm size-awb_sm wp-post-image\" alt=\"\" srcset=\"https:\/\/elejido.es\/comercio\/wp-content\/uploads\/2025\/10\/todos-500x263.jpg 500w, https:\/\/elejido.es\/comercio\/wp-content\/uploads\/2025\/10\/todos-1920x1010.jpg 1920w, https:\/\/elejido.es\/comercio\/wp-content\/uploads\/2025\/10\/todos-768x404.jpg 768w, https:\/\/elejido.es\/comercio\/wp-content\/uploads\/2025\/10\/todos-1536x808.jpg 1536w, https:\/\/elejido.es\/comercio\/wp-content\/uploads\/2025\/10\/todos-2048x1078.jpg 2048w, https:\/\/elejido.es\/comercio\/wp-content\/uploads\/2025\/10\/todos-800x421.jpg 800w, https:\/\/elejido.es\/comercio\/wp-content\/uploads\/2025\/10\/todos-1280x674.jpg 1280w\" sizes=\"auto, (max-width: 500px) 100vw, 500px\" \/><\/a><div class=\"lsow-image-info\"><div class=\"lsow-entry-info\"><h3 class=\"lsow-post-title\"><a href=\"https:\/\/elejido.es\/comercio\/index.php\/el-consejo-municipal-de-comercio-y-serviciosse-reune-para-avanzar-en-el-diagnostico-y-el-plan-estrategico-de-el-ejido-para-fortalecer-el-sector\/\" title=\"<strong>El Consejo Municipal de Comercio y Serviciosse re\u00fane para avanzar en el Diagn\u00f3stico y el Plan Estrat\u00e9gico de El Ejido para fortalecer el sector<\/strong>\u00bb target=\u00bb_self\u00bb rel=\u00bbbookmark\u00bb><strong>El Consejo Municipal de Comercio y Serviciosse re\u00fane para avanzar en el Diagn\u00f3stico y el Plan Estrat\u00e9gico de El Ejido para fortalecer el sector<\/strong><\/a><\/h3><\/div><\/div><!-- .lsow-image-info --><\/div><div class=\"lsow-entry-text-wrap \"><h3 class=\"entry-title\"><a href=\"https:\/\/elejido.es\/comercio\/index.php\/el-consejo-municipal-de-comercio-y-serviciosse-reune-para-avanzar-en-el-diagnostico-y-el-plan-estrategico-de-el-ejido-para-fortalecer-el-sector\/\" title=\"<strong>El Consejo Municipal de Comercio y Serviciosse re\u00fane para avanzar en el Diagn\u00f3stico y el Plan Estrat\u00e9gico de El Ejido para fortalecer el sector<\/strong>\u00bb target=\u00bb_self\u00bb rel=\u00bbbookmark\u00bb><strong>El Consejo Municipal de Comercio y Serviciosse re\u00fane para avanzar en el Diagn\u00f3stico y el Plan Estrat\u00e9gico de El Ejido para fortalecer el sector<\/strong><\/a><\/h3><\/div><\/article><!-- .hentry --><\/div><!-- .lsow-posts-carousel-item --><\/div><!-- .lsow-posts-carousel --><\/div>\n\n\n<div style=\"height:100px\" aria-hidden=\"true\" class=\"wp-block-spacer\"><\/div>\n\n\n\n<p><\/p>\n<\/div><\/div>\n","protected":false},"excerpt":{"rendered":"<p>El proyecto va a ser una realidad gracias al convenio que rubricaron el consejero de la Presidencia, Interior, Di\u00e1logo Social y Simplificaci\u00f3n Administrativa, Antonio Sanz, y el alcalde de El Ejido, Francisco G\u00f3ngora, entre la Junta de Andaluc\u00eda, a trav\u00e9s de la Agencia Digital de Andaluc\u00eda (ADA), y el Ayuntamiento Francisco G\u00f3ngora: \u201cEl Ejido es [&hellip;]<\/p>\n","protected":false},"author":5,"featured_media":22691,"comment_status":"closed","ping_status":"closed","sticky":false,"template":"","format":"standard","meta":{"content-type":"","ocean_post_layout":"","ocean_both_sidebars_style":"","ocean_both_sidebars_content_width":0,"ocean_both_sidebars_sidebars_width":0,"ocean_sidebar":"0","ocean_second_sidebar":"0","ocean_disable_margins":"enable","ocean_add_body_class":"","ocean_shortcode_before_top_bar":"","ocean_shortcode_after_top_bar":"","ocean_shortcode_before_header":"","ocean_shortcode_after_header":"","ocean_has_shortcode":"","ocean_shortcode_after_title":"","ocean_shortcode_before_footer_widgets":"","ocean_shortcode_after_footer_widgets":"","ocean_shortcode_before_footer_bottom":"","ocean_shortcode_after_footer_bottom":"","ocean_display_top_bar":"default","ocean_display_header":"default","ocean_header_style":"","ocean_center_header_left_menu":"0","ocean_custom_header_template":"0","ocean_custom_logo":0,"ocean_custom_retina_logo":0,"ocean_custom_logo_max_width":0,"ocean_custom_logo_tablet_max_width":0,"ocean_custom_logo_mobile_max_width":0,"ocean_custom_logo_max_height":0,"ocean_custom_logo_tablet_max_height":0,"ocean_custom_logo_mobile_max_height":0,"ocean_header_custom_menu":"0","ocean_menu_typo_font_family":"0","ocean_menu_typo_font_subset":"","ocean_menu_typo_font_size":0,"ocean_menu_typo_font_size_tablet":0,"ocean_menu_typo_font_size_mobile":0,"ocean_menu_typo_font_size_unit":"px","ocean_menu_typo_font_weight":"","ocean_menu_typo_font_weight_tablet":"","ocean_menu_typo_font_weight_mobile":"","ocean_menu_typo_transform":"","ocean_menu_typo_transform_tablet":"","ocean_menu_typo_transform_mobile":"","ocean_menu_typo_line_height":0,"ocean_menu_typo_line_height_tablet":0,"ocean_menu_typo_line_height_mobile":0,"ocean_menu_typo_line_height_unit":"","ocean_menu_typo_spacing":0,"ocean_menu_typo_spacing_tablet":0,"ocean_menu_typo_spacing_mobile":0,"ocean_menu_typo_spacing_unit":"","ocean_menu_link_color":"","ocean_menu_link_color_hover":"","ocean_menu_link_color_active":"","ocean_menu_link_background":"","ocean_menu_link_hover_background":"","ocean_menu_link_active_background":"","ocean_menu_social_links_bg":"","ocean_menu_social_hover_links_bg":"","ocean_menu_social_links_color":"","ocean_menu_social_hover_links_color":"","ocean_disable_title":"default","ocean_disable_heading":"default","ocean_post_title":"","ocean_post_subheading":"","ocean_post_title_style":"","ocean_post_title_background_color":"","ocean_post_title_background":0,"ocean_post_title_bg_image_position":"","ocean_post_title_bg_image_attachment":"","ocean_post_title_bg_image_repeat":"","ocean_post_title_bg_image_size":"","ocean_post_title_height":0,"ocean_post_title_bg_overlay":0.5,"ocean_post_title_bg_overlay_color":"","ocean_disable_breadcrumbs":"default","ocean_breadcrumbs_color":"","ocean_breadcrumbs_separator_color":"","ocean_breadcrumbs_links_color":"","ocean_breadcrumbs_links_hover_color":"","ocean_display_footer_widgets":"default","ocean_display_footer_bottom":"default","ocean_custom_footer_template":"0","ocean_post_oembed":"","ocean_post_self_hosted_media":"","ocean_post_video_embed":"","ocean_link_format":"","ocean_link_format_target":"self","ocean_quote_format":"","ocean_quote_format_link":"post","ocean_gallery_link_images":"off","ocean_gallery_id":[],"footnotes":""},"categories":[1317],"tags":[],"class_list":["post-22690","post","type-post","status-publish","format-standard","has-post-thumbnail","hentry","category-actualidad","entry","has-media"],"yoast_head":"<!-- This site is optimized with the Yoast SEO plugin v27.3 - https:\/\/yoast.com\/product\/yoast-seo-wordpress\/ -->\n<title>Primera reuni\u00f3n t\u00e9cnica para la puesta en marcha del nodo de emprendimiento digital Agrotech en El Ejido incluido en el Programa Retech<\/title>\n<meta name=\"description\" content=\"Primera reuni\u00f3n t\u00e9cnica para la puesta en marcha del nodo de emprendimiento digital Agrotech en El Ejido incluido en el Programa Retech.\" \/>\n<meta name=\"robots\" content=\"index, follow, max-snippet:-1, max-image-preview:large, max-video-preview:-1\" \/>\n<link rel=\"canonical\" href=\"https:\/\/elejido.es\/comercio\/index.php\/primera-reunion-tecnica-para-la-puesta-en-marcha-del-nodo-de-emprendimiento-digital-agrotech-en-el-ejido-incluido-en-el-programa-retech\/\" \/>\n<meta property=\"og:locale\" content=\"es_ES\" \/>\n<meta property=\"og:type\" content=\"article\" \/>\n<meta property=\"og:title\" content=\"Primera reuni\u00f3n t\u00e9cnica para la puesta en marcha del nodo de emprendimiento digital Agrotech en El Ejido incluido en el Programa Retech\" \/>\n<meta property=\"og:description\" content=\"Primera reuni\u00f3n t\u00e9cnica para la puesta en marcha del nodo de emprendimiento digital Agrotech en El Ejido incluido en el Programa Retech.\" \/>\n<meta property=\"og:url\" content=\"https:\/\/elejido.es\/comercio\/index.php\/primera-reunion-tecnica-para-la-puesta-en-marcha-del-nodo-de-emprendimiento-digital-agrotech-en-el-ejido-incluido-en-el-programa-retech\/\" \/>\n<meta property=\"og:site_name\" content=\"Comercio de El Ejido\" \/>\n<meta property=\"article:published_time\" content=\"2025-01-28T08:37:01+00:00\" \/>\n<meta property=\"article:modified_time\" content=\"2025-01-29T08:44:48+00:00\" \/>\n<meta property=\"og:image\" content=\"https:\/\/elejido.es\/comercio\/wp-content\/uploads\/2025\/01\/250128-Reunion-tecnica-RETECH-scaled.jpg\" \/>\n\t<meta property=\"og:image:width\" content=\"2560\" \/>\n\t<meta property=\"og:image:height\" content=\"2560\" \/>\n\t<meta property=\"og:image:type\" content=\"image\/jpeg\" \/>\n<meta name=\"author\" content=\"Irene\" \/>\n<meta name=\"twitter:card\" content=\"summary_large_image\" \/>\n<meta name=\"twitter:label1\" content=\"Escrito por\" \/>\n\t<meta name=\"twitter:data1\" content=\"Irene\" \/>\n\t<meta name=\"twitter:label2\" content=\"Tiempo de lectura\" \/>\n\t<meta name=\"twitter:data2\" content=\"4 minutos\" \/>\n<script type=\"application\/ld+json\" class=\"yoast-schema-graph\">{\"@context\":\"https:\\\/\\\/schema.org\",\"@graph\":[{\"@type\":\"Article\",\"@id\":\"https:\\\/\\\/elejido.es\\\/comercio\\\/index.php\\\/primera-reunion-tecnica-para-la-puesta-en-marcha-del-nodo-de-emprendimiento-digital-agrotech-en-el-ejido-incluido-en-el-programa-retech\\\/#article\",\"isPartOf\":{\"@id\":\"https:\\\/\\\/elejido.es\\\/comercio\\\/index.php\\\/primera-reunion-tecnica-para-la-puesta-en-marcha-del-nodo-de-emprendimiento-digital-agrotech-en-el-ejido-incluido-en-el-programa-retech\\\/\"},\"author\":{\"name\":\"Irene\",\"@id\":\"https:\\\/\\\/elejido.es\\\/comercio\\\/#\\\/schema\\\/person\\\/0e341944233e3c38c8cc13f2cb49428a\"},\"headline\":\"Primera reuni\u00f3n t\u00e9cnica para la puesta en marcha del nodo de emprendimiento digital Agrotech en El Ejido incluido en el Programa Retech\",\"datePublished\":\"2025-01-28T08:37:01+00:00\",\"dateModified\":\"2025-01-29T08:44:48+00:00\",\"mainEntityOfPage\":{\"@id\":\"https:\\\/\\\/elejido.es\\\/comercio\\\/index.php\\\/primera-reunion-tecnica-para-la-puesta-en-marcha-del-nodo-de-emprendimiento-digital-agrotech-en-el-ejido-incluido-en-el-programa-retech\\\/\"},\"wordCount\":762,\"publisher\":{\"@id\":\"https:\\\/\\\/elejido.es\\\/comercio\\\/#organization\"},\"image\":{\"@id\":\"https:\\\/\\\/elejido.es\\\/comercio\\\/index.php\\\/primera-reunion-tecnica-para-la-puesta-en-marcha-del-nodo-de-emprendimiento-digital-agrotech-en-el-ejido-incluido-en-el-programa-retech\\\/#primaryimage\"},\"thumbnailUrl\":\"https:\\\/\\\/elejido.es\\\/comercio\\\/wp-content\\\/uploads\\\/2025\\\/01\\\/250128-Reunion-tecnica-RETECH-scaled.jpg\",\"articleSection\":[\"Actualidad\"],\"inLanguage\":\"es\"},{\"@type\":\"WebPage\",\"@id\":\"https:\\\/\\\/elejido.es\\\/comercio\\\/index.php\\\/primera-reunion-tecnica-para-la-puesta-en-marcha-del-nodo-de-emprendimiento-digital-agrotech-en-el-ejido-incluido-en-el-programa-retech\\\/\",\"url\":\"https:\\\/\\\/elejido.es\\\/comercio\\\/index.php\\\/primera-reunion-tecnica-para-la-puesta-en-marcha-del-nodo-de-emprendimiento-digital-agrotech-en-el-ejido-incluido-en-el-programa-retech\\\/\",\"name\":\"Primera reuni\u00f3n t\u00e9cnica para la puesta en marcha del nodo de emprendimiento digital Agrotech en El Ejido incluido en el Programa Retech\",\"isPartOf\":{\"@id\":\"https:\\\/\\\/elejido.es\\\/comercio\\\/#website\"},\"primaryImageOfPage\":{\"@id\":\"https:\\\/\\\/elejido.es\\\/comercio\\\/index.php\\\/primera-reunion-tecnica-para-la-puesta-en-marcha-del-nodo-de-emprendimiento-digital-agrotech-en-el-ejido-incluido-en-el-programa-retech\\\/#primaryimage\"},\"image\":{\"@id\":\"https:\\\/\\\/elejido.es\\\/comercio\\\/index.php\\\/primera-reunion-tecnica-para-la-puesta-en-marcha-del-nodo-de-emprendimiento-digital-agrotech-en-el-ejido-incluido-en-el-programa-retech\\\/#primaryimage\"},\"thumbnailUrl\":\"https:\\\/\\\/elejido.es\\\/comercio\\\/wp-content\\\/uploads\\\/2025\\\/01\\\/250128-Reunion-tecnica-RETECH-scaled.jpg\",\"datePublished\":\"2025-01-28T08:37:01+00:00\",\"dateModified\":\"2025-01-29T08:44:48+00:00\",\"description\":\"Primera reuni\u00f3n t\u00e9cnica para la puesta en marcha del nodo de emprendimiento digital Agrotech en El Ejido incluido en el Programa Retech.\",\"inLanguage\":\"es\",\"potentialAction\":[{\"@type\":\"ReadAction\",\"target\":[\"https:\\\/\\\/elejido.es\\\/comercio\\\/index.php\\\/primera-reunion-tecnica-para-la-puesta-en-marcha-del-nodo-de-emprendimiento-digital-agrotech-en-el-ejido-incluido-en-el-programa-retech\\\/\"]}]},{\"@type\":\"ImageObject\",\"inLanguage\":\"es\",\"@id\":\"https:\\\/\\\/elejido.es\\\/comercio\\\/index.php\\\/primera-reunion-tecnica-para-la-puesta-en-marcha-del-nodo-de-emprendimiento-digital-agrotech-en-el-ejido-incluido-en-el-programa-retech\\\/#primaryimage\",\"url\":\"https:\\\/\\\/elejido.es\\\/comercio\\\/wp-content\\\/uploads\\\/2025\\\/01\\\/250128-Reunion-tecnica-RETECH-scaled.jpg\",\"contentUrl\":\"https:\\\/\\\/elejido.es\\\/comercio\\\/wp-content\\\/uploads\\\/2025\\\/01\\\/250128-Reunion-tecnica-RETECH-scaled.jpg\",\"width\":2560,\"height\":2560},{\"@type\":\"WebSite\",\"@id\":\"https:\\\/\\\/elejido.es\\\/comercio\\\/#website\",\"url\":\"https:\\\/\\\/elejido.es\\\/comercio\\\/\",\"name\":\"Comercio de El Ejido\",\"description\":\"P\u00e1gina oficial del \u00c1rea de Comercio del Ayuntamiento de El Ejido. Apoyamos al comercio local. Informaci\u00f3n sobre cursos para profesionales, subvenciones y mucho m\u00e1s. \",\"publisher\":{\"@id\":\"https:\\\/\\\/elejido.es\\\/comercio\\\/#organization\"},\"potentialAction\":[{\"@type\":\"SearchAction\",\"target\":{\"@type\":\"EntryPoint\",\"urlTemplate\":\"https:\\\/\\\/elejido.es\\\/comercio\\\/?s={search_term_string}\"},\"query-input\":{\"@type\":\"PropertyValueSpecification\",\"valueRequired\":true,\"valueName\":\"search_term_string\"}}],\"inLanguage\":\"es\"},{\"@type\":\"Organization\",\"@id\":\"https:\\\/\\\/elejido.es\\\/comercio\\\/#organization\",\"name\":\"Comercio de El Ejido\",\"url\":\"https:\\\/\\\/elejido.es\\\/comercio\\\/\",\"logo\":{\"@type\":\"ImageObject\",\"inLanguage\":\"es\",\"@id\":\"https:\\\/\\\/elejido.es\\\/comercio\\\/#\\\/schema\\\/logo\\\/image\\\/\",\"url\":\"https:\\\/\\\/elejido.es\\\/comercio\\\/wp-content\\\/uploads\\\/2023\\\/08\\\/unnamed.jpg\",\"contentUrl\":\"https:\\\/\\\/elejido.es\\\/comercio\\\/wp-content\\\/uploads\\\/2023\\\/08\\\/unnamed.jpg\",\"width\":512,\"height\":260,\"caption\":\"Comercio de El Ejido\"},\"image\":{\"@id\":\"https:\\\/\\\/elejido.es\\\/comercio\\\/#\\\/schema\\\/logo\\\/image\\\/\"}},{\"@type\":\"Person\",\"@id\":\"https:\\\/\\\/elejido.es\\\/comercio\\\/#\\\/schema\\\/person\\\/0e341944233e3c38c8cc13f2cb49428a\",\"name\":\"Irene\",\"image\":{\"@type\":\"ImageObject\",\"inLanguage\":\"es\",\"@id\":\"https:\\\/\\\/secure.gravatar.com\\\/avatar\\\/f70eaec7b93f55470e4e8ce5de16dabe8baf318f0608def2fe88ee6229b4d6de?s=96&d=mm&r=g\",\"url\":\"https:\\\/\\\/secure.gravatar.com\\\/avatar\\\/f70eaec7b93f55470e4e8ce5de16dabe8baf318f0608def2fe88ee6229b4d6de?s=96&d=mm&r=g\",\"contentUrl\":\"https:\\\/\\\/secure.gravatar.com\\\/avatar\\\/f70eaec7b93f55470e4e8ce5de16dabe8baf318f0608def2fe88ee6229b4d6de?s=96&d=mm&r=g\",\"caption\":\"Irene\"},\"url\":\"https:\\\/\\\/elejido.es\\\/comercio\\\/index.php\\\/author\\\/irene\\\/\"}]}<\/script>\n<!-- \/ Yoast SEO plugin. -->","yoast_head_json":{"title":"Primera reuni\u00f3n t\u00e9cnica para la puesta en marcha del nodo de emprendimiento digital Agrotech en El Ejido incluido en el Programa Retech","description":"Primera reuni\u00f3n t\u00e9cnica para la puesta en marcha del nodo de emprendimiento digital Agrotech en El Ejido incluido en el Programa Retech.","robots":{"index":"index","follow":"follow","max-snippet":"max-snippet:-1","max-image-preview":"max-image-preview:large","max-video-preview":"max-video-preview:-1"},"canonical":"https:\/\/elejido.es\/comercio\/index.php\/primera-reunion-tecnica-para-la-puesta-en-marcha-del-nodo-de-emprendimiento-digital-agrotech-en-el-ejido-incluido-en-el-programa-retech\/","og_locale":"es_ES","og_type":"article","og_title":"Primera reuni\u00f3n t\u00e9cnica para la puesta en marcha del nodo de emprendimiento digital Agrotech en El Ejido incluido en el Programa Retech","og_description":"Primera reuni\u00f3n t\u00e9cnica para la puesta en marcha del nodo de emprendimiento digital Agrotech en El Ejido incluido en el Programa Retech.","og_url":"https:\/\/elejido.es\/comercio\/index.php\/primera-reunion-tecnica-para-la-puesta-en-marcha-del-nodo-de-emprendimiento-digital-agrotech-en-el-ejido-incluido-en-el-programa-retech\/","og_site_name":"Comercio de El Ejido","article_published_time":"2025-01-28T08:37:01+00:00","article_modified_time":"2025-01-29T08:44:48+00:00","og_image":[{"width":2560,"height":2560,"url":"https:\/\/elejido.es\/comercio\/wp-content\/uploads\/2025\/01\/250128-Reunion-tecnica-RETECH-scaled.jpg","type":"image\/jpeg"}],"author":"Irene","twitter_card":"summary_large_image","twitter_misc":{"Escrito por":"Irene","Tiempo de lectura":"4 minutos"},"schema":{"@context":"https:\/\/schema.org","@graph":[{"@type":"Article","@id":"https:\/\/elejido.es\/comercio\/index.php\/primera-reunion-tecnica-para-la-puesta-en-marcha-del-nodo-de-emprendimiento-digital-agrotech-en-el-ejido-incluido-en-el-programa-retech\/#article","isPartOf":{"@id":"https:\/\/elejido.es\/comercio\/index.php\/primera-reunion-tecnica-para-la-puesta-en-marcha-del-nodo-de-emprendimiento-digital-agrotech-en-el-ejido-incluido-en-el-programa-retech\/"},"author":{"name":"Irene","@id":"https:\/\/elejido.es\/comercio\/#\/schema\/person\/0e341944233e3c38c8cc13f2cb49428a"},"headline":"Primera reuni\u00f3n t\u00e9cnica para la puesta en marcha del nodo de emprendimiento digital Agrotech en El Ejido incluido en el Programa Retech","datePublished":"2025-01-28T08:37:01+00:00","dateModified":"2025-01-29T08:44:48+00:00","mainEntityOfPage":{"@id":"https:\/\/elejido.es\/comercio\/index.php\/primera-reunion-tecnica-para-la-puesta-en-marcha-del-nodo-de-emprendimiento-digital-agrotech-en-el-ejido-incluido-en-el-programa-retech\/"},"wordCount":762,"publisher":{"@id":"https:\/\/elejido.es\/comercio\/#organization"},"image":{"@id":"https:\/\/elejido.es\/comercio\/index.php\/primera-reunion-tecnica-para-la-puesta-en-marcha-del-nodo-de-emprendimiento-digital-agrotech-en-el-ejido-incluido-en-el-programa-retech\/#primaryimage"},"thumbnailUrl":"https:\/\/elejido.es\/comercio\/wp-content\/uploads\/2025\/01\/250128-Reunion-tecnica-RETECH-scaled.jpg","articleSection":["Actualidad"],"inLanguage":"es"},{"@type":"WebPage","@id":"https:\/\/elejido.es\/comercio\/index.php\/primera-reunion-tecnica-para-la-puesta-en-marcha-del-nodo-de-emprendimiento-digital-agrotech-en-el-ejido-incluido-en-el-programa-retech\/","url":"https:\/\/elejido.es\/comercio\/index.php\/primera-reunion-tecnica-para-la-puesta-en-marcha-del-nodo-de-emprendimiento-digital-agrotech-en-el-ejido-incluido-en-el-programa-retech\/","name":"Primera reuni\u00f3n t\u00e9cnica para la puesta en marcha del nodo de emprendimiento digital Agrotech en El Ejido incluido en el Programa Retech","isPartOf":{"@id":"https:\/\/elejido.es\/comercio\/#website"},"primaryImageOfPage":{"@id":"https:\/\/elejido.es\/comercio\/index.php\/primera-reunion-tecnica-para-la-puesta-en-marcha-del-nodo-de-emprendimiento-digital-agrotech-en-el-ejido-incluido-en-el-programa-retech\/#primaryimage"},"image":{"@id":"https:\/\/elejido.es\/comercio\/index.php\/primera-reunion-tecnica-para-la-puesta-en-marcha-del-nodo-de-emprendimiento-digital-agrotech-en-el-ejido-incluido-en-el-programa-retech\/#primaryimage"},"thumbnailUrl":"https:\/\/elejido.es\/comercio\/wp-content\/uploads\/2025\/01\/250128-Reunion-tecnica-RETECH-scaled.jpg","datePublished":"2025-01-28T08:37:01+00:00","dateModified":"2025-01-29T08:44:48+00:00","description":"Primera reuni\u00f3n t\u00e9cnica para la puesta en marcha del nodo de emprendimiento digital Agrotech en El Ejido incluido en el Programa Retech.","inLanguage":"es","potentialAction":[{"@type":"ReadAction","target":["https:\/\/elejido.es\/comercio\/index.php\/primera-reunion-tecnica-para-la-puesta-en-marcha-del-nodo-de-emprendimiento-digital-agrotech-en-el-ejido-incluido-en-el-programa-retech\/"]}]},{"@type":"ImageObject","inLanguage":"es","@id":"https:\/\/elejido.es\/comercio\/index.php\/primera-reunion-tecnica-para-la-puesta-en-marcha-del-nodo-de-emprendimiento-digital-agrotech-en-el-ejido-incluido-en-el-programa-retech\/#primaryimage","url":"https:\/\/elejido.es\/comercio\/wp-content\/uploads\/2025\/01\/250128-Reunion-tecnica-RETECH-scaled.jpg","contentUrl":"https:\/\/elejido.es\/comercio\/wp-content\/uploads\/2025\/01\/250128-Reunion-tecnica-RETECH-scaled.jpg","width":2560,"height":2560},{"@type":"WebSite","@id":"https:\/\/elejido.es\/comercio\/#website","url":"https:\/\/elejido.es\/comercio\/","name":"Comercio de El Ejido","description":"P\u00e1gina oficial del \u00c1rea de Comercio del Ayuntamiento de El Ejido. Apoyamos al comercio local. Informaci\u00f3n sobre cursos para profesionales, subvenciones y mucho m\u00e1s. ","publisher":{"@id":"https:\/\/elejido.es\/comercio\/#organization"},"potentialAction":[{"@type":"SearchAction","target":{"@type":"EntryPoint","urlTemplate":"https:\/\/elejido.es\/comercio\/?s={search_term_string}"},"query-input":{"@type":"PropertyValueSpecification","valueRequired":true,"valueName":"search_term_string"}}],"inLanguage":"es"},{"@type":"Organization","@id":"https:\/\/elejido.es\/comercio\/#organization","name":"Comercio de El Ejido","url":"https:\/\/elejido.es\/comercio\/","logo":{"@type":"ImageObject","inLanguage":"es","@id":"https:\/\/elejido.es\/comercio\/#\/schema\/logo\/image\/","url":"https:\/\/elejido.es\/comercio\/wp-content\/uploads\/2023\/08\/unnamed.jpg","contentUrl":"https:\/\/elejido.es\/comercio\/wp-content\/uploads\/2023\/08\/unnamed.jpg","width":512,"height":260,"caption":"Comercio de El Ejido"},"image":{"@id":"https:\/\/elejido.es\/comercio\/#\/schema\/logo\/image\/"}},{"@type":"Person","@id":"https:\/\/elejido.es\/comercio\/#\/schema\/person\/0e341944233e3c38c8cc13f2cb49428a","name":"Irene","image":{"@type":"ImageObject","inLanguage":"es","@id":"https:\/\/secure.gravatar.com\/avatar\/f70eaec7b93f55470e4e8ce5de16dabe8baf318f0608def2fe88ee6229b4d6de?s=96&d=mm&r=g","url":"https:\/\/secure.gravatar.com\/avatar\/f70eaec7b93f55470e4e8ce5de16dabe8baf318f0608def2fe88ee6229b4d6de?s=96&d=mm&r=g","contentUrl":"https:\/\/secure.gravatar.com\/avatar\/f70eaec7b93f55470e4e8ce5de16dabe8baf318f0608def2fe88ee6229b4d6de?s=96&d=mm&r=g","caption":"Irene"},"url":"https:\/\/elejido.es\/comercio\/index.php\/author\/irene\/"}]}},"_links":{"self":[{"href":"https:\/\/elejido.es\/comercio\/index.php\/wp-json\/wp\/v2\/posts\/22690","targetHints":{"allow":["GET"]}}],"collection":[{"href":"https:\/\/elejido.es\/comercio\/index.php\/wp-json\/wp\/v2\/posts"}],"about":[{"href":"https:\/\/elejido.es\/comercio\/index.php\/wp-json\/wp\/v2\/types\/post"}],"author":[{"embeddable":true,"href":"https:\/\/elejido.es\/comercio\/index.php\/wp-json\/wp\/v2\/users\/5"}],"replies":[{"embeddable":true,"href":"https:\/\/elejido.es\/comercio\/index.php\/wp-json\/wp\/v2\/comments?post=22690"}],"version-history":[{"count":3,"href":"https:\/\/elejido.es\/comercio\/index.php\/wp-json\/wp\/v2\/posts\/22690\/revisions"}],"predecessor-version":[{"id":22694,"href":"https:\/\/elejido.es\/comercio\/index.php\/wp-json\/wp\/v2\/posts\/22690\/revisions\/22694"}],"wp:featuredmedia":[{"embeddable":true,"href":"https:\/\/elejido.es\/comercio\/index.php\/wp-json\/wp\/v2\/media\/22691"}],"wp:attachment":[{"href":"https:\/\/elejido.es\/comercio\/index.php\/wp-json\/wp\/v2\/media?parent=22690"}],"wp:term":[{"taxonomy":"category","embeddable":true,"href":"https:\/\/elejido.es\/comercio\/index.php\/wp-json\/wp\/v2\/categories?post=22690"},{"taxonomy":"post_tag","embeddable":true,"href":"https:\/\/elejido.es\/comercio\/index.php\/wp-json\/wp\/v2\/tags?post=22690"}],"curies":[{"name":"wp","href":"https:\/\/api.w.org\/{rel}","templated":true}]}}