{"id":22710,"date":"2024-03-15T14:12:11","date_gmt":"2024-03-15T13:12:11","guid":{"rendered":"https:\/\/elejido.es\/consumo\/?p=22710"},"modified":"2025-03-07T14:11:48","modified_gmt":"2025-03-07T13:11:48","slug":"la-omic-de-el-ejido-reivindica-un-consumo-responsable-para-ganar-en-sostenibilidad","status":"publish","type":"post","link":"https:\/\/elejido.es\/consumo\/index.php\/la-omic-de-el-ejido-reivindica-un-consumo-responsable-para-ganar-en-sostenibilidad\/","title":{"rendered":"La OMIC de El Ejido reivindica un consumo responsable para ganar en sostenibilidad"},"content":{"rendered":"\n<div class=\"wp-block-nk-awb nk-awb alturaSlider\"><div class=\"nk-awb-wrap\" data-awb-type=\"image\" data-awb-image-background-size=\"cover\" data-awb-image-background-position=\"54% 33%\" data-awb-parallax=\"scroll\" data-awb-parallax-speed=\"0.5\" data-awb-parallax-mobile=\"false\"><div class=\"nk-awb-overlay\" style=\"background-color: rgba(0, 0, 0, 0.4);\"><\/div><div class=\"nk-awb-inner\"><img loading=\"lazy\" decoding=\"async\" src=\"https:\/\/app.elejido.es\/consumo\/wp-content\/uploads\/2024\/03\/240315-DIA-MUNDIAL-DERECHOS-CONSUMIDOR-3-scaled.jpg\" class=\"wp-image-22712 jarallax-img is-layout-constrained wp-block-nk-awb-is-layout-constrained\" width=\"2560\" height=\"2560\" srcset=\"https:\/\/elejido.es\/consumo\/wp-content\/uploads\/2024\/03\/240315-DIA-MUNDIAL-DERECHOS-CONSUMIDOR-3-scaled.jpg 2560w, https:\/\/elejido.es\/consumo\/wp-content\/uploads\/2024\/03\/240315-DIA-MUNDIAL-DERECHOS-CONSUMIDOR-3-500x500.jpg 500w, https:\/\/elejido.es\/consumo\/wp-content\/uploads\/2024\/03\/240315-DIA-MUNDIAL-DERECHOS-CONSUMIDOR-3-1080x1080.jpg 1080w, https:\/\/elejido.es\/consumo\/wp-content\/uploads\/2024\/03\/240315-DIA-MUNDIAL-DERECHOS-CONSUMIDOR-3-150x150.jpg 150w, https:\/\/elejido.es\/consumo\/wp-content\/uploads\/2024\/03\/240315-DIA-MUNDIAL-DERECHOS-CONSUMIDOR-3-768x768.jpg 768w, https:\/\/elejido.es\/consumo\/wp-content\/uploads\/2024\/03\/240315-DIA-MUNDIAL-DERECHOS-CONSUMIDOR-3-300x300.jpg 300w, https:\/\/elejido.es\/consumo\/wp-content\/uploads\/2024\/03\/240315-DIA-MUNDIAL-DERECHOS-CONSUMIDOR-3-1536x1536.jpg 1536w, https:\/\/elejido.es\/consumo\/wp-content\/uploads\/2024\/03\/240315-DIA-MUNDIAL-DERECHOS-CONSUMIDOR-3-2048x2048.jpg 2048w, https:\/\/elejido.es\/consumo\/wp-content\/uploads\/2024\/03\/240315-DIA-MUNDIAL-DERECHOS-CONSUMIDOR-3-800x800.jpg 800w, https:\/\/elejido.es\/consumo\/wp-content\/uploads\/2024\/03\/240315-DIA-MUNDIAL-DERECHOS-CONSUMIDOR-3-1280x1280.jpg 1280w, https:\/\/elejido.es\/consumo\/wp-content\/uploads\/2024\/03\/240315-DIA-MUNDIAL-DERECHOS-CONSUMIDOR-3-1920x1920.jpg 1920w, https:\/\/elejido.es\/consumo\/wp-content\/uploads\/2024\/03\/240315-DIA-MUNDIAL-DERECHOS-CONSUMIDOR-3-600x600.jpg 600w\" sizes=\"auto, (max-width: 2560px) 100vw, 2560px\" \/><\/div><\/div>\n<h3 class=\"has-text-align-center has-white-color has-text-color wp-block-heading\">Actualidad<\/h3>\n\n\n\n<h2 class=\"has-text-align-center has-white-color has-text-color wp-block-heading\"><strong><strong><strong><strong><strong><strong>La OMIC de El Ejido reivindica un consumo responsable para ganar en sostenibilidad<\/strong><\/strong><\/strong><\/strong><\/strong><\/strong><\/h2>\n\n\n<p style='color:white'>15 marzo, 2024<\/p>\n<\/div>\n\n\n\n<div style=\"height:100px\" aria-hidden=\"true\" class=\"wp-block-spacer\"><\/div>\n\n\n\n<div class=\"wp-block-group container justificarTexto\"><div class=\"wp-block-group__inner-container is-layout-flow wp-block-group-is-layout-flow\">\n<p><em><strong>Con motivo de D\u00eda Mundial de los derechos del Consumidor, la concejal\u00eda de Comercio ha llevado a cabo el reparto de bolsas informativas y delantales con consejos y recomendaciones a la hora de comprar<\/strong><\/em><\/p>\n\n\n\n<p><em><strong>Mar\u00eda Herminia Padial <\/strong><\/em><em><strong>ha participado esta ma\u00f1ana en la entrega del material que se ha realizado en el Mercado de Abastos de El Ejido y, tambi\u00e9n, en el Mercado de Abastos de Santo Domingo y en todas las oficinas de las juntas locales<\/strong><\/em><\/p>\n\n\n\n<p><em><strong>La concejala delegada ha detallado que \u201ccon esta acci\u00f3n transmitimos la importancia de llevar a cabo un consumo responsable y sostenible para generar un impacto positivo en la protecci\u00f3n de la salud de las personas y del planeta\u201d<\/strong><\/em><\/p>\n\n\n\n<p><strong>El Ejido, 15 de marzo de 2024.-<\/strong> Con motivo de la celebraci\u00f3n del D\u00eda Mundial de los Derechos del Consumidor, que se conmemora cada 15 de marzo, la concejal\u00eda de Comercio del Ayuntamiento de El Ejido, a trav\u00e9s de la Oficina Municipal de Informaci\u00f3n al Consumidor, ha organizado una campa\u00f1a informativa bajo el lema \u2018Consumo responsable = mayor sostenibilidad\u2019.<\/p>\n\n\n\n<p>Dicha campa\u00f1a ha consistido en el reparto de bolsas informativas y delantales que reflejan diversos consejos y recomendaciones a la hora de comprar, que se ha llevado a cabo en los mercados de abastos de El Ejido y Santo Domingo y en todas las oficinas de las juntas locales.<\/p>\n\n\n\n<p>La concejala del \u00e1rea, Mar\u00eda Herminia Padial, ha participado esta ma\u00f1ana en el reparto donde ha puesto de manifiesto que \u201ccon esta acci\u00f3n transmitimos la importancia de llevar a cabo un consumo responsable y sostenible para generar un impacto positivo en la protecci\u00f3n de la salud de las personas y el planeta\u201d.<\/p>\n\n\n\n<p>Adem\u00e1s, con esta campa\u00f1a tambi\u00e9n \u201capoyamos al comercio local, haciendo hincapi\u00e9 en las cualidades y beneficios que obtenemos realizando nuestras compras en el comercio de proximidad\u201d.<\/p>\n\n\n\n<p>Le edil tambi\u00e9n ha destacado la funci\u00f3n tan importante que realiza la Oficina Municipal de Informaci\u00f3n al Consumidor (OMIC) de El Ejido en cuanto a su labor informativa sobre temas de consumo que est\u00e1 a disposici\u00f3n de los vecinos durante todo el a\u00f1o, cuando as\u00ed lo requieren. Cabe remarcar que en 2023 atendi\u00f3 a un total de 1.820 consultas, de las que 259 tramitaron como reclamaciones, siendo los sectores m\u00e1s destacados las telecomunicaciones con un 20%, el suministro el\u00e9ctrico un 14%, los servicios bancarios con un 8% al igual que los seguros y el transporte a\u00e9reo, suponiendo un 7% la venta fuera de establecimiento mercantil y la venta y reparaci\u00f3n de veh\u00edculos, quedando un 20% en otros temas relacionados con el consumo.<\/p>\n\n\n\n<p>Como resultado de las mediaciones favorables se ha producido un total de devoluciones a los consumidores por importe de 12.024 euros.<\/p>\n\n\n\n<p>\u201cLa OMIC es un servicio gratuito del ayuntamiento, en el que siempre se respalda al consumidor con una atenci\u00f3n personalizada y cuyo objetivo siempre es ayudar y orientar a las personas consumidoras para el adecuado ejercicio de sus derechos\u201d, ha expresado la concejala.<\/p>\n\n\n\n<p><\/p>\n\n\n\n<div style=\"height:100px\" aria-hidden=\"true\" class=\"wp-block-spacer\"><\/div>\n\n\n\n<h2 class=\"has-text-align-center wp-block-heading\">Lo \u00faltimo<\/h2>\n\n\n\n<div style=\"text-align: center\"><a href=\"https:\/\/app.elejido.es\/consumo\/?cat=381\">Ver todo<\/a><\/div>\n\n\n\n<div style=\"height:25px\" aria-hidden=\"true\" class=\"wp-block-spacer\"><\/div>\n\n\n<div\n\t\t\t\n\t\t\tclass=\"so-widget-lsow-posts-carousel so-widget-lsow-posts-carousel-default-3dd089290af6\"\n\t\t\t\n\t\t><div id=\"lsow-posts-carousel-69ee618d4b48c\" class=\"lsow-posts-carousel lsow-container\" data-settings='{\"arrows\":true,\"dots\":false,\"autoplay\":false,\"autoplay_speed\":3000,\"animation_speed\":300,\"pause_on_hover\":true,\"display_columns\":3,\"scroll_columns\":3,\"gutter\":10,\"so_field_container_state\":\"open\",\"customize\":\"\",\"tablet_width\":800,\"tablet_display_columns\":2,\"tablet_scroll_columns\":1,\"mobile_width\":480,\"mobile_display_columns\":1,\"mobile_scroll_columns\":1}'><div data-id=\"id-23096\" class=\"lsow-posts-carousel-item\"><article id=\"post-23096\" class=\"post-23096 post type-post status-publish format-standard has-post-thumbnail hentry category-actualidad entry has-media\"><div class=\"lsow-project-image\"><a href=\"https:\/\/elejido.es\/consumo\/index.php\/la-omic-celebra-el-dia-mundial-de-los-derechos-del-consumidor-informando-sobre-el-ahorro-energetico\/\" target=\"_self\"><img loading=\"lazy\" decoding=\"async\" width=\"500\" height=\"500\" src=\"https:\/\/elejido.es\/consumo\/wp-content\/uploads\/2025\/03\/250312-DIA-MUNDIAL-DERECHOS-CONSUMIDOR-500x500.jpg\" class=\"attachment-awb_sm size-awb_sm wp-post-image\" alt=\"\" srcset=\"https:\/\/elejido.es\/consumo\/wp-content\/uploads\/2025\/03\/250312-DIA-MUNDIAL-DERECHOS-CONSUMIDOR-500x500.jpg 500w, https:\/\/elejido.es\/consumo\/wp-content\/uploads\/2025\/03\/250312-DIA-MUNDIAL-DERECHOS-CONSUMIDOR-1080x1080.jpg 1080w, https:\/\/elejido.es\/consumo\/wp-content\/uploads\/2025\/03\/250312-DIA-MUNDIAL-DERECHOS-CONSUMIDOR-150x150.jpg 150w, https:\/\/elejido.es\/consumo\/wp-content\/uploads\/2025\/03\/250312-DIA-MUNDIAL-DERECHOS-CONSUMIDOR-768x768.jpg 768w, https:\/\/elejido.es\/consumo\/wp-content\/uploads\/2025\/03\/250312-DIA-MUNDIAL-DERECHOS-CONSUMIDOR-1536x1536.jpg 1536w, https:\/\/elejido.es\/consumo\/wp-content\/uploads\/2025\/03\/250312-DIA-MUNDIAL-DERECHOS-CONSUMIDOR-2048x2048.jpg 2048w, https:\/\/elejido.es\/consumo\/wp-content\/uploads\/2025\/03\/250312-DIA-MUNDIAL-DERECHOS-CONSUMIDOR-800x800.jpg 800w, https:\/\/elejido.es\/consumo\/wp-content\/uploads\/2025\/03\/250312-DIA-MUNDIAL-DERECHOS-CONSUMIDOR-1280x1280.jpg 1280w, https:\/\/elejido.es\/consumo\/wp-content\/uploads\/2025\/03\/250312-DIA-MUNDIAL-DERECHOS-CONSUMIDOR-1920x1920.jpg 1920w, https:\/\/elejido.es\/consumo\/wp-content\/uploads\/2025\/03\/250312-DIA-MUNDIAL-DERECHOS-CONSUMIDOR-600x600.jpg 600w\" sizes=\"auto, (max-width: 500px) 100vw, 500px\" \/><\/a><div class=\"lsow-image-info\"><div class=\"lsow-entry-info\"><h3 class=\"lsow-post-title\"><a href=\"https:\/\/elejido.es\/consumo\/index.php\/la-omic-celebra-el-dia-mundial-de-los-derechos-del-consumidor-informando-sobre-el-ahorro-energetico\/\" title=\"La OMIC celebra el D\u00eda Mundial de los Derechos del Consumidor informando sobre el ahorro energ\u00e9tico\" target=\"_self\" rel=\"bookmark\">La OMIC celebra el D\u00eda Mundial de los Derechos del Consumidor informando sobre el ahorro energ\u00e9tico<\/a><\/h3><\/div><\/div><!-- .lsow-image-info --><\/div><div class=\"lsow-entry-text-wrap \"><h3 class=\"entry-title\"><a href=\"https:\/\/elejido.es\/consumo\/index.php\/la-omic-celebra-el-dia-mundial-de-los-derechos-del-consumidor-informando-sobre-el-ahorro-energetico\/\" title=\"La OMIC celebra el D\u00eda Mundial de los Derechos del Consumidor informando sobre el ahorro energ\u00e9tico\" target=\"_self\" rel=\"bookmark\">La OMIC celebra el D\u00eda Mundial de los Derechos del Consumidor informando sobre el ahorro energ\u00e9tico<\/a><\/h3><\/div><\/article><!-- .hentry --><\/div><!-- .lsow-posts-carousel-item --><div data-id=\"id-22857\" class=\"lsow-posts-carousel-item\"><article id=\"post-22857\" class=\"post-22857 post type-post status-publish format-standard has-post-thumbnail hentry category-actualidad entry has-media\"><div class=\"lsow-project-image\"><a href=\"https:\/\/elejido.es\/consumo\/index.php\/la-oficina-municipal-de-informacion-al-consumidor-lanza-la-campana-navidad-con-consumo-local\/\" target=\"_self\"><img loading=\"lazy\" decoding=\"async\" width=\"500\" height=\"500\" src=\"https:\/\/elejido.es\/consumo\/wp-content\/uploads\/2024\/11\/241122-CAMPANA-NAVIDAD-OMIC-4-1-500x500.jpg\" class=\"attachment-awb_sm size-awb_sm wp-post-image\" alt=\"\" srcset=\"https:\/\/elejido.es\/consumo\/wp-content\/uploads\/2024\/11\/241122-CAMPANA-NAVIDAD-OMIC-4-1-500x500.jpg 500w, https:\/\/elejido.es\/consumo\/wp-content\/uploads\/2024\/11\/241122-CAMPANA-NAVIDAD-OMIC-4-1-1080x1080.jpg 1080w, https:\/\/elejido.es\/consumo\/wp-content\/uploads\/2024\/11\/241122-CAMPANA-NAVIDAD-OMIC-4-1-150x150.jpg 150w, https:\/\/elejido.es\/consumo\/wp-content\/uploads\/2024\/11\/241122-CAMPANA-NAVIDAD-OMIC-4-1-768x768.jpg 768w, https:\/\/elejido.es\/consumo\/wp-content\/uploads\/2024\/11\/241122-CAMPANA-NAVIDAD-OMIC-4-1-300x300.jpg 300w, https:\/\/elejido.es\/consumo\/wp-content\/uploads\/2024\/11\/241122-CAMPANA-NAVIDAD-OMIC-4-1-1536x1536.jpg 1536w, https:\/\/elejido.es\/consumo\/wp-content\/uploads\/2024\/11\/241122-CAMPANA-NAVIDAD-OMIC-4-1-2048x2048.jpg 2048w, https:\/\/elejido.es\/consumo\/wp-content\/uploads\/2024\/11\/241122-CAMPANA-NAVIDAD-OMIC-4-1-800x800.jpg 800w, https:\/\/elejido.es\/consumo\/wp-content\/uploads\/2024\/11\/241122-CAMPANA-NAVIDAD-OMIC-4-1-1280x1280.jpg 1280w, https:\/\/elejido.es\/consumo\/wp-content\/uploads\/2024\/11\/241122-CAMPANA-NAVIDAD-OMIC-4-1-1920x1920.jpg 1920w, https:\/\/elejido.es\/consumo\/wp-content\/uploads\/2024\/11\/241122-CAMPANA-NAVIDAD-OMIC-4-1-600x600.jpg 600w\" sizes=\"auto, (max-width: 500px) 100vw, 500px\" \/><\/a><div class=\"lsow-image-info\"><div class=\"lsow-entry-info\"><h3 class=\"lsow-post-title\"><a href=\"https:\/\/elejido.es\/consumo\/index.php\/la-oficina-municipal-de-informacion-al-consumidor-lanza-la-campana-navidad-con-consumo-local\/\" title=\"La Oficina Municipal de Informaci\u00f3n al Consumidor lanza la campa\u00f1a \u2018Navidad con consumo local\u2019\" target=\"_self\" rel=\"bookmark\">La Oficina Municipal de Informaci\u00f3n al Consumidor lanza la campa\u00f1a \u2018Navidad con consumo local\u2019<\/a><\/h3><\/div><\/div><!-- .lsow-image-info --><\/div><div class=\"lsow-entry-text-wrap \"><h3 class=\"entry-title\"><a href=\"https:\/\/elejido.es\/consumo\/index.php\/la-oficina-municipal-de-informacion-al-consumidor-lanza-la-campana-navidad-con-consumo-local\/\" title=\"La Oficina Municipal de Informaci\u00f3n al Consumidor lanza la campa\u00f1a \u2018Navidad con consumo local\u2019\" target=\"_self\" rel=\"bookmark\">La Oficina Municipal de Informaci\u00f3n al Consumidor lanza la campa\u00f1a \u2018Navidad con consumo local\u2019<\/a><\/h3><\/div><\/article><!-- .hentry --><\/div><!-- .lsow-posts-carousel-item --><\/div><!-- .lsow-posts-carousel --><\/div>\n\n\n<div style=\"height:100px\" aria-hidden=\"true\" class=\"wp-block-spacer\"><\/div>\n\n\n\n<p><\/p>\n<\/div><\/div>\n","protected":false},"excerpt":{"rendered":"<p>Con motivo de D\u00eda Mundial de los derechos del Consumidor, la concejal\u00eda de Comercio ha llevado a cabo el reparto de bolsas informativas y delantales con consejos y recomendaciones a la hora de comprar Mar\u00eda Herminia Padial ha participado esta ma\u00f1ana en la entrega del material que se ha realizado en el Mercado de Abastos [&hellip;]<\/p>\n","protected":false},"author":5,"featured_media":22713,"comment_status":"closed","ping_status":"closed","sticky":false,"template":"","format":"standard","meta":{"content-type":"","ocean_post_layout":"","ocean_both_sidebars_style":"","ocean_both_sidebars_content_width":0,"ocean_both_sidebars_sidebars_width":0,"ocean_sidebar":"0","ocean_second_sidebar":"0","ocean_disable_margins":"enable","ocean_add_body_class":"","ocean_shortcode_before_top_bar":"","ocean_shortcode_after_top_bar":"","ocean_shortcode_before_header":"","ocean_shortcode_after_header":"","ocean_has_shortcode":"","ocean_shortcode_after_title":"","ocean_shortcode_before_footer_widgets":"","ocean_shortcode_after_footer_widgets":"","ocean_shortcode_before_footer_bottom":"","ocean_shortcode_after_footer_bottom":"","ocean_display_top_bar":"default","ocean_display_header":"default","ocean_header_style":"","ocean_center_header_left_menu":"0","ocean_custom_header_template":"0","ocean_custom_logo":0,"ocean_custom_retina_logo":0,"ocean_custom_logo_max_width":0,"ocean_custom_logo_tablet_max_width":0,"ocean_custom_logo_mobile_max_width":0,"ocean_custom_logo_max_height":0,"ocean_custom_logo_tablet_max_height":0,"ocean_custom_logo_mobile_max_height":0,"ocean_header_custom_menu":"0","ocean_menu_typo_font_family":"0","ocean_menu_typo_font_subset":"","ocean_menu_typo_font_size":0,"ocean_menu_typo_font_size_tablet":0,"ocean_menu_typo_font_size_mobile":0,"ocean_menu_typo_font_size_unit":"px","ocean_menu_typo_font_weight":"","ocean_menu_typo_font_weight_tablet":"","ocean_menu_typo_font_weight_mobile":"","ocean_menu_typo_transform":"","ocean_menu_typo_transform_tablet":"","ocean_menu_typo_transform_mobile":"","ocean_menu_typo_line_height":0,"ocean_menu_typo_line_height_tablet":0,"ocean_menu_typo_line_height_mobile":0,"ocean_menu_typo_line_height_unit":"","ocean_menu_typo_spacing":0,"ocean_menu_typo_spacing_tablet":0,"ocean_menu_typo_spacing_mobile":0,"ocean_menu_typo_spacing_unit":"","ocean_menu_link_color":"","ocean_menu_link_color_hover":"","ocean_menu_link_color_active":"","ocean_menu_link_background":"","ocean_menu_link_hover_background":"","ocean_menu_link_active_background":"","ocean_menu_social_links_bg":"","ocean_menu_social_hover_links_bg":"","ocean_menu_social_links_color":"","ocean_menu_social_hover_links_color":"","ocean_disable_title":"default","ocean_disable_heading":"default","ocean_post_title":"","ocean_post_subheading":"","ocean_post_title_style":"","ocean_post_title_background_color":"","ocean_post_title_background":0,"ocean_post_title_bg_image_position":"","ocean_post_title_bg_image_attachment":"","ocean_post_title_bg_image_repeat":"","ocean_post_title_bg_image_size":"","ocean_post_title_height":0,"ocean_post_title_bg_overlay":0.5,"ocean_post_title_bg_overlay_color":"","ocean_disable_breadcrumbs":"default","ocean_breadcrumbs_color":"","ocean_breadcrumbs_separator_color":"","ocean_breadcrumbs_links_color":"","ocean_breadcrumbs_links_hover_color":"","ocean_display_footer_widgets":"default","ocean_display_footer_bottom":"default","ocean_custom_footer_template":"0","ocean_post_oembed":"","ocean_post_self_hosted_media":"","ocean_post_video_embed":"","ocean_link_format":"","ocean_link_format_target":"self","ocean_quote_format":"","ocean_quote_format_link":"post","ocean_gallery_link_images":"off","ocean_gallery_id":[],"footnotes":""},"categories":[1317],"tags":[],"class_list":["post-22710","post","type-post","status-publish","format-standard","has-post-thumbnail","hentry","category-actualidad","entry","has-media"],"yoast_head":"<!-- This site is optimized with the Yoast SEO plugin v27.4 - https:\/\/yoast.com\/product\/yoast-seo-wordpress\/ -->\n<title>La OMIC de El Ejido reivindica un consumo responsable para ganar en sostenibilidad<\/title>\n<meta name=\"description\" content=\"La OMIC de El Ejido reivindica un consumo responsable para ganar en sostenibilidad con motivo del d\u00eda mundial de los derechos del consumidor\" \/>\n<meta name=\"robots\" content=\"index, follow, max-snippet:-1, max-image-preview:large, max-video-preview:-1\" \/>\n<link rel=\"canonical\" href=\"https:\/\/elejido.es\/consumo\/index.php\/la-omic-de-el-ejido-reivindica-un-consumo-responsable-para-ganar-en-sostenibilidad\/\" \/>\n<meta property=\"og:locale\" content=\"es_ES\" \/>\n<meta property=\"og:type\" content=\"article\" \/>\n<meta property=\"og:title\" content=\"La OMIC de El Ejido reivindica un consumo responsable para ganar en sostenibilidad\" \/>\n<meta property=\"og:description\" content=\"La OMIC de El Ejido reivindica un consumo responsable para ganar en sostenibilidad con motivo del d\u00eda mundial de los derechos del consumidor\" \/>\n<meta property=\"og:url\" content=\"https:\/\/elejido.es\/consumo\/index.php\/la-omic-de-el-ejido-reivindica-un-consumo-responsable-para-ganar-en-sostenibilidad\/\" \/>\n<meta property=\"og:site_name\" content=\"Consumo El Ejido\" \/>\n<meta property=\"article:published_time\" content=\"2024-03-15T13:12:11+00:00\" \/>\n<meta property=\"article:modified_time\" content=\"2025-03-07T13:11:48+00:00\" \/>\n<meta property=\"og:image\" content=\"https:\/\/elejido.es\/consumo\/wp-content\/uploads\/2024\/03\/240315-DIA-MUNDIAL-DERECHOS-CONSUMIDOR-3-1-scaled.jpg\" \/>\n\t<meta property=\"og:image:width\" content=\"2560\" \/>\n\t<meta property=\"og:image:height\" content=\"2560\" \/>\n\t<meta property=\"og:image:type\" content=\"image\/jpeg\" \/>\n<meta name=\"author\" content=\"Irene Casas Herrada\" \/>\n<meta name=\"twitter:card\" content=\"summary_large_image\" \/>\n<meta name=\"twitter:label1\" content=\"Escrito por\" \/>\n\t<meta name=\"twitter:data1\" content=\"Irene Casas Herrada\" \/>\n\t<meta name=\"twitter:label2\" content=\"Tiempo de lectura\" \/>\n\t<meta name=\"twitter:data2\" content=\"3 minutos\" \/>\n<script type=\"application\/ld+json\" class=\"yoast-schema-graph\">{\"@context\":\"https:\\\/\\\/schema.org\",\"@graph\":[{\"@type\":\"Article\",\"@id\":\"https:\\\/\\\/elejido.es\\\/consumo\\\/index.php\\\/la-omic-de-el-ejido-reivindica-un-consumo-responsable-para-ganar-en-sostenibilidad\\\/#article\",\"isPartOf\":{\"@id\":\"https:\\\/\\\/elejido.es\\\/consumo\\\/index.php\\\/la-omic-de-el-ejido-reivindica-un-consumo-responsable-para-ganar-en-sostenibilidad\\\/\"},\"author\":{\"name\":\"Irene Casas Herrada\",\"@id\":\"https:\\\/\\\/elejido.es\\\/consumo\\\/#\\\/schema\\\/person\\\/0e341944233e3c38c8cc13f2cb49428a\"},\"headline\":\"La OMIC de El Ejido reivindica un consumo responsable para ganar en sostenibilidad\",\"datePublished\":\"2024-03-15T13:12:11+00:00\",\"dateModified\":\"2025-03-07T13:11:48+00:00\",\"mainEntityOfPage\":{\"@id\":\"https:\\\/\\\/elejido.es\\\/consumo\\\/index.php\\\/la-omic-de-el-ejido-reivindica-un-consumo-responsable-para-ganar-en-sostenibilidad\\\/\"},\"wordCount\":539,\"publisher\":{\"@id\":\"https:\\\/\\\/elejido.es\\\/consumo\\\/#organization\"},\"image\":{\"@id\":\"https:\\\/\\\/elejido.es\\\/consumo\\\/index.php\\\/la-omic-de-el-ejido-reivindica-un-consumo-responsable-para-ganar-en-sostenibilidad\\\/#primaryimage\"},\"thumbnailUrl\":\"https:\\\/\\\/elejido.es\\\/consumo\\\/wp-content\\\/uploads\\\/2024\\\/03\\\/240315-DIA-MUNDIAL-DERECHOS-CONSUMIDOR-3-1-scaled.jpg\",\"articleSection\":[\"Actualidad\"],\"inLanguage\":\"es\"},{\"@type\":\"WebPage\",\"@id\":\"https:\\\/\\\/elejido.es\\\/consumo\\\/index.php\\\/la-omic-de-el-ejido-reivindica-un-consumo-responsable-para-ganar-en-sostenibilidad\\\/\",\"url\":\"https:\\\/\\\/elejido.es\\\/consumo\\\/index.php\\\/la-omic-de-el-ejido-reivindica-un-consumo-responsable-para-ganar-en-sostenibilidad\\\/\",\"name\":\"La OMIC de El Ejido reivindica un consumo responsable para ganar en sostenibilidad\",\"isPartOf\":{\"@id\":\"https:\\\/\\\/elejido.es\\\/consumo\\\/#website\"},\"primaryImageOfPage\":{\"@id\":\"https:\\\/\\\/elejido.es\\\/consumo\\\/index.php\\\/la-omic-de-el-ejido-reivindica-un-consumo-responsable-para-ganar-en-sostenibilidad\\\/#primaryimage\"},\"image\":{\"@id\":\"https:\\\/\\\/elejido.es\\\/consumo\\\/index.php\\\/la-omic-de-el-ejido-reivindica-un-consumo-responsable-para-ganar-en-sostenibilidad\\\/#primaryimage\"},\"thumbnailUrl\":\"https:\\\/\\\/elejido.es\\\/consumo\\\/wp-content\\\/uploads\\\/2024\\\/03\\\/240315-DIA-MUNDIAL-DERECHOS-CONSUMIDOR-3-1-scaled.jpg\",\"datePublished\":\"2024-03-15T13:12:11+00:00\",\"dateModified\":\"2025-03-07T13:11:48+00:00\",\"description\":\"La OMIC de El Ejido reivindica un consumo responsable para ganar en sostenibilidad con motivo del d\u00eda mundial de los derechos del consumidor\",\"inLanguage\":\"es\",\"potentialAction\":[{\"@type\":\"ReadAction\",\"target\":[\"https:\\\/\\\/elejido.es\\\/consumo\\\/index.php\\\/la-omic-de-el-ejido-reivindica-un-consumo-responsable-para-ganar-en-sostenibilidad\\\/\"]}]},{\"@type\":\"ImageObject\",\"inLanguage\":\"es\",\"@id\":\"https:\\\/\\\/elejido.es\\\/consumo\\\/index.php\\\/la-omic-de-el-ejido-reivindica-un-consumo-responsable-para-ganar-en-sostenibilidad\\\/#primaryimage\",\"url\":\"https:\\\/\\\/elejido.es\\\/consumo\\\/wp-content\\\/uploads\\\/2024\\\/03\\\/240315-DIA-MUNDIAL-DERECHOS-CONSUMIDOR-3-1-scaled.jpg\",\"contentUrl\":\"https:\\\/\\\/elejido.es\\\/consumo\\\/wp-content\\\/uploads\\\/2024\\\/03\\\/240315-DIA-MUNDIAL-DERECHOS-CONSUMIDOR-3-1-scaled.jpg\",\"width\":2560,\"height\":2560},{\"@type\":\"WebSite\",\"@id\":\"https:\\\/\\\/elejido.es\\\/consumo\\\/#website\",\"url\":\"https:\\\/\\\/elejido.es\\\/consumo\\\/\",\"name\":\"Consumo El Ejido\",\"description\":\"P\u00e1gina Oficial del \u00c1rea de Consumo del Ayuntamiento de El Ejido. Conoce la OMIC de El Ejido. Consejos para consumidores y mucho m\u00e1s.\",\"publisher\":{\"@id\":\"https:\\\/\\\/elejido.es\\\/consumo\\\/#organization\"},\"potentialAction\":[{\"@type\":\"SearchAction\",\"target\":{\"@type\":\"EntryPoint\",\"urlTemplate\":\"https:\\\/\\\/elejido.es\\\/consumo\\\/?s={search_term_string}\"},\"query-input\":{\"@type\":\"PropertyValueSpecification\",\"valueRequired\":true,\"valueName\":\"search_term_string\"}}],\"inLanguage\":\"es\"},{\"@type\":\"Organization\",\"@id\":\"https:\\\/\\\/elejido.es\\\/consumo\\\/#organization\",\"name\":\"Consumo El Ejido\",\"url\":\"https:\\\/\\\/elejido.es\\\/consumo\\\/\",\"logo\":{\"@type\":\"ImageObject\",\"inLanguage\":\"es\",\"@id\":\"https:\\\/\\\/elejido.es\\\/consumo\\\/#\\\/schema\\\/logo\\\/image\\\/\",\"url\":\"https:\\\/\\\/elejido.es\\\/consumo\\\/wp-content\\\/uploads\\\/2023\\\/08\\\/unnamed.jpg\",\"contentUrl\":\"https:\\\/\\\/elejido.es\\\/consumo\\\/wp-content\\\/uploads\\\/2023\\\/08\\\/unnamed.jpg\",\"width\":512,\"height\":260,\"caption\":\"Consumo El Ejido\"},\"image\":{\"@id\":\"https:\\\/\\\/elejido.es\\\/consumo\\\/#\\\/schema\\\/logo\\\/image\\\/\"}},{\"@type\":\"Person\",\"@id\":\"https:\\\/\\\/elejido.es\\\/consumo\\\/#\\\/schema\\\/person\\\/0e341944233e3c38c8cc13f2cb49428a\",\"name\":\"Irene Casas Herrada\",\"image\":{\"@type\":\"ImageObject\",\"inLanguage\":\"es\",\"@id\":\"https:\\\/\\\/secure.gravatar.com\\\/avatar\\\/f70eaec7b93f55470e4e8ce5de16dabe8baf318f0608def2fe88ee6229b4d6de?s=96&d=mm&r=g\",\"url\":\"https:\\\/\\\/secure.gravatar.com\\\/avatar\\\/f70eaec7b93f55470e4e8ce5de16dabe8baf318f0608def2fe88ee6229b4d6de?s=96&d=mm&r=g\",\"contentUrl\":\"https:\\\/\\\/secure.gravatar.com\\\/avatar\\\/f70eaec7b93f55470e4e8ce5de16dabe8baf318f0608def2fe88ee6229b4d6de?s=96&d=mm&r=g\",\"caption\":\"Irene Casas Herrada\"},\"url\":\"https:\\\/\\\/elejido.es\\\/consumo\\\/index.php\\\/author\\\/irene\\\/\"}]}<\/script>\n<!-- \/ Yoast SEO plugin. -->","yoast_head_json":{"title":"La OMIC de El Ejido reivindica un consumo responsable para ganar en sostenibilidad","description":"La OMIC de El Ejido reivindica un consumo responsable para ganar en sostenibilidad con motivo del d\u00eda mundial de los derechos del consumidor","robots":{"index":"index","follow":"follow","max-snippet":"max-snippet:-1","max-image-preview":"max-image-preview:large","max-video-preview":"max-video-preview:-1"},"canonical":"https:\/\/elejido.es\/consumo\/index.php\/la-omic-de-el-ejido-reivindica-un-consumo-responsable-para-ganar-en-sostenibilidad\/","og_locale":"es_ES","og_type":"article","og_title":"La OMIC de El Ejido reivindica un consumo responsable para ganar en sostenibilidad","og_description":"La OMIC de El Ejido reivindica un consumo responsable para ganar en sostenibilidad con motivo del d\u00eda mundial de los derechos del consumidor","og_url":"https:\/\/elejido.es\/consumo\/index.php\/la-omic-de-el-ejido-reivindica-un-consumo-responsable-para-ganar-en-sostenibilidad\/","og_site_name":"Consumo El Ejido","article_published_time":"2024-03-15T13:12:11+00:00","article_modified_time":"2025-03-07T13:11:48+00:00","og_image":[{"width":2560,"height":2560,"url":"https:\/\/elejido.es\/consumo\/wp-content\/uploads\/2024\/03\/240315-DIA-MUNDIAL-DERECHOS-CONSUMIDOR-3-1-scaled.jpg","type":"image\/jpeg"}],"author":"Irene Casas Herrada","twitter_card":"summary_large_image","twitter_misc":{"Escrito por":"Irene Casas Herrada","Tiempo de lectura":"3 minutos"},"schema":{"@context":"https:\/\/schema.org","@graph":[{"@type":"Article","@id":"https:\/\/elejido.es\/consumo\/index.php\/la-omic-de-el-ejido-reivindica-un-consumo-responsable-para-ganar-en-sostenibilidad\/#article","isPartOf":{"@id":"https:\/\/elejido.es\/consumo\/index.php\/la-omic-de-el-ejido-reivindica-un-consumo-responsable-para-ganar-en-sostenibilidad\/"},"author":{"name":"Irene Casas Herrada","@id":"https:\/\/elejido.es\/consumo\/#\/schema\/person\/0e341944233e3c38c8cc13f2cb49428a"},"headline":"La OMIC de El Ejido reivindica un consumo responsable para ganar en sostenibilidad","datePublished":"2024-03-15T13:12:11+00:00","dateModified":"2025-03-07T13:11:48+00:00","mainEntityOfPage":{"@id":"https:\/\/elejido.es\/consumo\/index.php\/la-omic-de-el-ejido-reivindica-un-consumo-responsable-para-ganar-en-sostenibilidad\/"},"wordCount":539,"publisher":{"@id":"https:\/\/elejido.es\/consumo\/#organization"},"image":{"@id":"https:\/\/elejido.es\/consumo\/index.php\/la-omic-de-el-ejido-reivindica-un-consumo-responsable-para-ganar-en-sostenibilidad\/#primaryimage"},"thumbnailUrl":"https:\/\/elejido.es\/consumo\/wp-content\/uploads\/2024\/03\/240315-DIA-MUNDIAL-DERECHOS-CONSUMIDOR-3-1-scaled.jpg","articleSection":["Actualidad"],"inLanguage":"es"},{"@type":"WebPage","@id":"https:\/\/elejido.es\/consumo\/index.php\/la-omic-de-el-ejido-reivindica-un-consumo-responsable-para-ganar-en-sostenibilidad\/","url":"https:\/\/elejido.es\/consumo\/index.php\/la-omic-de-el-ejido-reivindica-un-consumo-responsable-para-ganar-en-sostenibilidad\/","name":"La OMIC de El Ejido reivindica un consumo responsable para ganar en sostenibilidad","isPartOf":{"@id":"https:\/\/elejido.es\/consumo\/#website"},"primaryImageOfPage":{"@id":"https:\/\/elejido.es\/consumo\/index.php\/la-omic-de-el-ejido-reivindica-un-consumo-responsable-para-ganar-en-sostenibilidad\/#primaryimage"},"image":{"@id":"https:\/\/elejido.es\/consumo\/index.php\/la-omic-de-el-ejido-reivindica-un-consumo-responsable-para-ganar-en-sostenibilidad\/#primaryimage"},"thumbnailUrl":"https:\/\/elejido.es\/consumo\/wp-content\/uploads\/2024\/03\/240315-DIA-MUNDIAL-DERECHOS-CONSUMIDOR-3-1-scaled.jpg","datePublished":"2024-03-15T13:12:11+00:00","dateModified":"2025-03-07T13:11:48+00:00","description":"La OMIC de El Ejido reivindica un consumo responsable para ganar en sostenibilidad con motivo del d\u00eda mundial de los derechos del consumidor","inLanguage":"es","potentialAction":[{"@type":"ReadAction","target":["https:\/\/elejido.es\/consumo\/index.php\/la-omic-de-el-ejido-reivindica-un-consumo-responsable-para-ganar-en-sostenibilidad\/"]}]},{"@type":"ImageObject","inLanguage":"es","@id":"https:\/\/elejido.es\/consumo\/index.php\/la-omic-de-el-ejido-reivindica-un-consumo-responsable-para-ganar-en-sostenibilidad\/#primaryimage","url":"https:\/\/elejido.es\/consumo\/wp-content\/uploads\/2024\/03\/240315-DIA-MUNDIAL-DERECHOS-CONSUMIDOR-3-1-scaled.jpg","contentUrl":"https:\/\/elejido.es\/consumo\/wp-content\/uploads\/2024\/03\/240315-DIA-MUNDIAL-DERECHOS-CONSUMIDOR-3-1-scaled.jpg","width":2560,"height":2560},{"@type":"WebSite","@id":"https:\/\/elejido.es\/consumo\/#website","url":"https:\/\/elejido.es\/consumo\/","name":"Consumo El Ejido","description":"P\u00e1gina Oficial del \u00c1rea de Consumo del Ayuntamiento de El Ejido. Conoce la OMIC de El Ejido. Consejos para consumidores y mucho m\u00e1s.","publisher":{"@id":"https:\/\/elejido.es\/consumo\/#organization"},"potentialAction":[{"@type":"SearchAction","target":{"@type":"EntryPoint","urlTemplate":"https:\/\/elejido.es\/consumo\/?s={search_term_string}"},"query-input":{"@type":"PropertyValueSpecification","valueRequired":true,"valueName":"search_term_string"}}],"inLanguage":"es"},{"@type":"Organization","@id":"https:\/\/elejido.es\/consumo\/#organization","name":"Consumo El Ejido","url":"https:\/\/elejido.es\/consumo\/","logo":{"@type":"ImageObject","inLanguage":"es","@id":"https:\/\/elejido.es\/consumo\/#\/schema\/logo\/image\/","url":"https:\/\/elejido.es\/consumo\/wp-content\/uploads\/2023\/08\/unnamed.jpg","contentUrl":"https:\/\/elejido.es\/consumo\/wp-content\/uploads\/2023\/08\/unnamed.jpg","width":512,"height":260,"caption":"Consumo El Ejido"},"image":{"@id":"https:\/\/elejido.es\/consumo\/#\/schema\/logo\/image\/"}},{"@type":"Person","@id":"https:\/\/elejido.es\/consumo\/#\/schema\/person\/0e341944233e3c38c8cc13f2cb49428a","name":"Irene Casas Herrada","image":{"@type":"ImageObject","inLanguage":"es","@id":"https:\/\/secure.gravatar.com\/avatar\/f70eaec7b93f55470e4e8ce5de16dabe8baf318f0608def2fe88ee6229b4d6de?s=96&d=mm&r=g","url":"https:\/\/secure.gravatar.com\/avatar\/f70eaec7b93f55470e4e8ce5de16dabe8baf318f0608def2fe88ee6229b4d6de?s=96&d=mm&r=g","contentUrl":"https:\/\/secure.gravatar.com\/avatar\/f70eaec7b93f55470e4e8ce5de16dabe8baf318f0608def2fe88ee6229b4d6de?s=96&d=mm&r=g","caption":"Irene Casas Herrada"},"url":"https:\/\/elejido.es\/consumo\/index.php\/author\/irene\/"}]}},"_links":{"self":[{"href":"https:\/\/elejido.es\/consumo\/index.php\/wp-json\/wp\/v2\/posts\/22710","targetHints":{"allow":["GET"]}}],"collection":[{"href":"https:\/\/elejido.es\/consumo\/index.php\/wp-json\/wp\/v2\/posts"}],"about":[{"href":"https:\/\/elejido.es\/consumo\/index.php\/wp-json\/wp\/v2\/types\/post"}],"author":[{"embeddable":true,"href":"https:\/\/elejido.es\/consumo\/index.php\/wp-json\/wp\/v2\/users\/5"}],"replies":[{"embeddable":true,"href":"https:\/\/elejido.es\/consumo\/index.php\/wp-json\/wp\/v2\/comments?post=22710"}],"version-history":[{"count":4,"href":"https:\/\/elejido.es\/consumo\/index.php\/wp-json\/wp\/v2\/posts\/22710\/revisions"}],"predecessor-version":[{"id":22765,"href":"https:\/\/elejido.es\/consumo\/index.php\/wp-json\/wp\/v2\/posts\/22710\/revisions\/22765"}],"wp:featuredmedia":[{"embeddable":true,"href":"https:\/\/elejido.es\/consumo\/index.php\/wp-json\/wp\/v2\/media\/22713"}],"wp:attachment":[{"href":"https:\/\/elejido.es\/consumo\/index.php\/wp-json\/wp\/v2\/media?parent=22710"}],"wp:term":[{"taxonomy":"category","embeddable":true,"href":"https:\/\/elejido.es\/consumo\/index.php\/wp-json\/wp\/v2\/categories?post=22710"},{"taxonomy":"post_tag","embeddable":true,"href":"https:\/\/elejido.es\/consumo\/index.php\/wp-json\/wp\/v2\/tags?post=22710"}],"curies":[{"name":"wp","href":"https:\/\/api.w.org\/{rel}","templated":true}]}}