{"id":22928,"date":"2025-02-18T09:56:55","date_gmt":"2025-02-18T08:56:55","guid":{"rendered":"https:\/\/elejido.es\/consumo\/?p=22928"},"modified":"2025-03-07T14:10:28","modified_gmt":"2025-03-07T13:10:28","slug":"ahorremos-energia-con-un-consumo-responsable","status":"publish","type":"post","link":"https:\/\/elejido.es\/consumo\/index.php\/ahorremos-energia-con-un-consumo-responsable\/","title":{"rendered":"Ahorremos energ\u00eda con un consumo responsable"},"content":{"rendered":"\n<div style=\"height:100px\" aria-hidden=\"true\" class=\"wp-block-spacer\"><\/div>\n\n\n\n<div class=\"wp-block-group container justificarTexto\"><div class=\"wp-block-group__inner-container is-layout-flow wp-block-group-is-layout-flow\">\n<h2 class=\"wp-block-heading\">8 consejos para ahorra energ\u00eda<\/h2>\n\n\n\n<p>Sabemos que cada peque\u00f1o gesto cuenta. Por eso, hemos preparado una serie de consejos pr\u00e1cticos para ayudarte a reducir tu consumo de energ\u00eda en casa sin sacrificar comodidad. Implementarlos no solo har\u00e1 que tu factura sea m\u00e1s ligera, sino que tambi\u00e9n contribuir\u00e1s a un futuro m\u00e1s sostenible. \u00a1Descubre c\u00f3mo hacer m\u00e1s con menos energ\u00eda!<\/p>\n\n\n\n<ol class=\"wp-block-list\">\n<li>Aprovecha la luz natural y usa bombillas de bajo consumo.<\/li>\n\n\n\n<li>Comprar electrodom\u00e9sticos con mayor eficiencia energ\u00e9tica (etiquetado A color verde oscuro).<\/li>\n\n\n\n<li>Usa lavavajillas y lavadoras con la carga completa y a baja temperatura.<\/li>\n\n\n\n<li>Desconecta los aparatos electr\u00f3nicos si no est\u00e1n en uso y desenchufa los cargadores una vez finalizada la carga.<\/li>\n\n\n\n<li>Realiza autoconsumo a trav\u00e9s de instalaciones de energ\u00eda solar. <\/li>\n\n\n\n<li>Opta por el aislamiento t\u00e9rmico del suelo, paredes y techo y el cerramiento de puertas y ventanas.<\/li>\n\n\n\n<li>Usa el transporte p\u00fablico y otros medios de transporte alternartivos.<\/li>\n\n\n\n<li>Compra en el comercio local y de proximidad para reducir el gasto en transporte. <\/li>\n<\/ol>\n\n\n\n<div style=\"height:100px\" aria-hidden=\"true\" class=\"wp-block-spacer\"><\/div>\n\n\n\n<figure class=\"wp-block-gallery has-nested-images columns-default is-cropped wp-block-gallery-1 is-layout-flex wp-block-gallery-is-layout-flex\">\n<figure class=\"wp-block-image size-large\"><img loading=\"lazy\" decoding=\"async\" width=\"761\" height=\"1080\" data-id=\"22931\" src=\"https:\/\/app.elejido.es\/consumo\/wp-content\/uploads\/2025\/02\/1-761x1080.jpg\" alt=\"\" class=\"wp-image-22931\" srcset=\"https:\/\/elejido.es\/consumo\/wp-content\/uploads\/2025\/02\/1-761x1080.jpg 761w, https:\/\/elejido.es\/consumo\/wp-content\/uploads\/2025\/02\/1-353x500.jpg 353w, https:\/\/elejido.es\/consumo\/wp-content\/uploads\/2025\/02\/1-768x1089.jpg 768w, https:\/\/elejido.es\/consumo\/wp-content\/uploads\/2025\/02\/1-1083x1536.jpg 1083w, https:\/\/elejido.es\/consumo\/wp-content\/uploads\/2025\/02\/1-500x709.jpg 500w, https:\/\/elejido.es\/consumo\/wp-content\/uploads\/2025\/02\/1-800x1135.jpg 800w, https:\/\/elejido.es\/consumo\/wp-content\/uploads\/2025\/02\/1-1280x1816.jpg 1280w, https:\/\/elejido.es\/consumo\/wp-content\/uploads\/2025\/02\/1.jpg 1410w\" sizes=\"auto, (max-width: 761px) 100vw, 761px\" \/><\/figure>\n\n\n\n<figure class=\"wp-block-image size-large\"><img loading=\"lazy\" decoding=\"async\" width=\"761\" height=\"1080\" data-id=\"22930\" src=\"https:\/\/app.elejido.es\/consumo\/wp-content\/uploads\/2025\/02\/2-761x1080.jpg\" alt=\"\" class=\"wp-image-22930\" srcset=\"https:\/\/elejido.es\/consumo\/wp-content\/uploads\/2025\/02\/2-761x1080.jpg 761w, https:\/\/elejido.es\/consumo\/wp-content\/uploads\/2025\/02\/2-353x500.jpg 353w, https:\/\/elejido.es\/consumo\/wp-content\/uploads\/2025\/02\/2-768x1089.jpg 768w, https:\/\/elejido.es\/consumo\/wp-content\/uploads\/2025\/02\/2-1083x1536.jpg 1083w, https:\/\/elejido.es\/consumo\/wp-content\/uploads\/2025\/02\/2-500x709.jpg 500w, https:\/\/elejido.es\/consumo\/wp-content\/uploads\/2025\/02\/2-800x1135.jpg 800w, https:\/\/elejido.es\/consumo\/wp-content\/uploads\/2025\/02\/2-1280x1816.jpg 1280w, https:\/\/elejido.es\/consumo\/wp-content\/uploads\/2025\/02\/2.jpg 1410w\" sizes=\"auto, (max-width: 761px) 100vw, 761px\" \/><\/figure>\n<\/figure>\n\n\n\n<div style=\"height:100px\" aria-hidden=\"true\" class=\"wp-block-spacer\"><\/div>\n\n\n\n<p><\/p>\n<\/div><\/div>\n","protected":false},"excerpt":{"rendered":"<p>8 consejos para ahorra energ\u00eda Sabemos que cada peque\u00f1o gesto cuenta. Por eso, hemos preparado una serie de consejos pr\u00e1cticos para ayudarte a reducir tu consumo de energ\u00eda en casa sin sacrificar comodidad. Implementarlos no solo har\u00e1 que tu factura sea m\u00e1s ligera, sino que tambi\u00e9n contribuir\u00e1s a un futuro m\u00e1s sostenible. \u00a1Descubre c\u00f3mo hacer [&hellip;]<\/p>\n","protected":false},"author":5,"featured_media":22800,"comment_status":"closed","ping_status":"closed","sticky":false,"template":"","format":"standard","meta":{"content-type":"","ocean_post_layout":"","ocean_both_sidebars_style":"","ocean_both_sidebars_content_width":0,"ocean_both_sidebars_sidebars_width":0,"ocean_sidebar":"0","ocean_second_sidebar":"0","ocean_disable_margins":"enable","ocean_add_body_class":"","ocean_shortcode_before_top_bar":"","ocean_shortcode_after_top_bar":"","ocean_shortcode_before_header":"","ocean_shortcode_after_header":"","ocean_has_shortcode":"","ocean_shortcode_after_title":"","ocean_shortcode_before_footer_widgets":"","ocean_shortcode_after_footer_widgets":"","ocean_shortcode_before_footer_bottom":"","ocean_shortcode_after_footer_bottom":"","ocean_display_top_bar":"default","ocean_display_header":"default","ocean_header_style":"","ocean_center_header_left_menu":"0","ocean_custom_header_template":"0","ocean_custom_logo":0,"ocean_custom_retina_logo":0,"ocean_custom_logo_max_width":0,"ocean_custom_logo_tablet_max_width":0,"ocean_custom_logo_mobile_max_width":0,"ocean_custom_logo_max_height":0,"ocean_custom_logo_tablet_max_height":0,"ocean_custom_logo_mobile_max_height":0,"ocean_header_custom_menu":"0","ocean_menu_typo_font_family":"0","ocean_menu_typo_font_subset":"","ocean_menu_typo_font_size":0,"ocean_menu_typo_font_size_tablet":0,"ocean_menu_typo_font_size_mobile":0,"ocean_menu_typo_font_size_unit":"px","ocean_menu_typo_font_weight":"","ocean_menu_typo_font_weight_tablet":"","ocean_menu_typo_font_weight_mobile":"","ocean_menu_typo_transform":"","ocean_menu_typo_transform_tablet":"","ocean_menu_typo_transform_mobile":"","ocean_menu_typo_line_height":0,"ocean_menu_typo_line_height_tablet":0,"ocean_menu_typo_line_height_mobile":0,"ocean_menu_typo_line_height_unit":"","ocean_menu_typo_spacing":0,"ocean_menu_typo_spacing_tablet":0,"ocean_menu_typo_spacing_mobile":0,"ocean_menu_typo_spacing_unit":"","ocean_menu_link_color":"","ocean_menu_link_color_hover":"","ocean_menu_link_color_active":"","ocean_menu_link_background":"","ocean_menu_link_hover_background":"","ocean_menu_link_active_background":"","ocean_menu_social_links_bg":"","ocean_menu_social_hover_links_bg":"","ocean_menu_social_links_color":"","ocean_menu_social_hover_links_color":"","ocean_disable_title":"default","ocean_disable_heading":"default","ocean_post_title":"","ocean_post_subheading":"","ocean_post_title_style":"","ocean_post_title_background_color":"","ocean_post_title_background":0,"ocean_post_title_bg_image_position":"","ocean_post_title_bg_image_attachment":"","ocean_post_title_bg_image_repeat":"","ocean_post_title_bg_image_size":"","ocean_post_title_height":0,"ocean_post_title_bg_overlay":0.5,"ocean_post_title_bg_overlay_color":"","ocean_disable_breadcrumbs":"default","ocean_breadcrumbs_color":"","ocean_breadcrumbs_separator_color":"","ocean_breadcrumbs_links_color":"","ocean_breadcrumbs_links_hover_color":"","ocean_display_footer_widgets":"default","ocean_display_footer_bottom":"default","ocean_custom_footer_template":"0","ocean_post_oembed":"","ocean_post_self_hosted_media":"","ocean_post_video_embed":"","ocean_link_format":"","ocean_link_format_target":"self","ocean_quote_format":"","ocean_quote_format_link":"post","ocean_gallery_link_images":"off","ocean_gallery_id":[],"footnotes":""},"categories":[1321],"tags":[],"class_list":["post-22928","post","type-post","status-publish","format-standard","has-post-thumbnail","hentry","category-consejos","entry","has-media"],"yoast_head":"<!-- This site is optimized with the Yoast SEO plugin v27.4 - https:\/\/yoast.com\/product\/yoast-seo-wordpress\/ -->\n<title>Ahorremos energ\u00eda con un consumo responsable<\/title>\n<meta name=\"description\" content=\"Hemos preparado una serie de consejos pr\u00e1cticos para ayudarte a reducir tu consumo de energ\u00eda en casa sin sacrificar comodidad.\" \/>\n<meta name=\"robots\" content=\"index, follow, max-snippet:-1, max-image-preview:large, max-video-preview:-1\" \/>\n<link rel=\"canonical\" href=\"https:\/\/elejido.es\/consumo\/index.php\/ahorremos-energia-con-un-consumo-responsable\/\" \/>\n<meta property=\"og:locale\" content=\"es_ES\" \/>\n<meta property=\"og:type\" content=\"article\" \/>\n<meta property=\"og:title\" content=\"Ahorremos energ\u00eda con un consumo responsable\" \/>\n<meta property=\"og:description\" content=\"Hemos preparado una serie de consejos pr\u00e1cticos para ayudarte a reducir tu consumo de energ\u00eda en casa sin sacrificar comodidad.\" \/>\n<meta property=\"og:url\" content=\"https:\/\/elejido.es\/consumo\/index.php\/ahorremos-energia-con-un-consumo-responsable\/\" \/>\n<meta property=\"og:site_name\" content=\"Consumo El Ejido\" \/>\n<meta property=\"article:published_time\" content=\"2025-02-18T08:56:55+00:00\" \/>\n<meta property=\"article:modified_time\" content=\"2025-03-07T13:10:28+00:00\" \/>\n<meta property=\"og:image\" content=\"https:\/\/elejido.es\/consumo\/wp-content\/uploads\/2024\/05\/1-2.png\" \/>\n\t<meta property=\"og:image:width\" content=\"1080\" \/>\n\t<meta property=\"og:image:height\" content=\"1080\" \/>\n\t<meta property=\"og:image:type\" content=\"image\/png\" \/>\n<meta name=\"author\" content=\"Irene Casas Herrada\" \/>\n<meta name=\"twitter:card\" content=\"summary_large_image\" \/>\n<meta name=\"twitter:label1\" content=\"Escrito por\" \/>\n\t<meta name=\"twitter:data1\" content=\"Irene Casas Herrada\" \/>\n\t<meta name=\"twitter:label2\" content=\"Tiempo de lectura\" \/>\n\t<meta name=\"twitter:data2\" content=\"2 minutos\" \/>\n<script type=\"application\/ld+json\" class=\"yoast-schema-graph\">{\"@context\":\"https:\\\/\\\/schema.org\",\"@graph\":[{\"@type\":\"Article\",\"@id\":\"https:\\\/\\\/elejido.es\\\/consumo\\\/index.php\\\/ahorremos-energia-con-un-consumo-responsable\\\/#article\",\"isPartOf\":{\"@id\":\"https:\\\/\\\/elejido.es\\\/consumo\\\/index.php\\\/ahorremos-energia-con-un-consumo-responsable\\\/\"},\"author\":{\"name\":\"Irene Casas Herrada\",\"@id\":\"https:\\\/\\\/elejido.es\\\/consumo\\\/#\\\/schema\\\/person\\\/0e341944233e3c38c8cc13f2cb49428a\"},\"headline\":\"Ahorremos energ\u00eda con un consumo responsable\",\"datePublished\":\"2025-02-18T08:56:55+00:00\",\"dateModified\":\"2025-03-07T13:10:28+00:00\",\"mainEntityOfPage\":{\"@id\":\"https:\\\/\\\/elejido.es\\\/consumo\\\/index.php\\\/ahorremos-energia-con-un-consumo-responsable\\\/\"},\"wordCount\":185,\"publisher\":{\"@id\":\"https:\\\/\\\/elejido.es\\\/consumo\\\/#organization\"},\"image\":{\"@id\":\"https:\\\/\\\/elejido.es\\\/consumo\\\/index.php\\\/ahorremos-energia-con-un-consumo-responsable\\\/#primaryimage\"},\"thumbnailUrl\":\"https:\\\/\\\/elejido.es\\\/consumo\\\/wp-content\\\/uploads\\\/2024\\\/05\\\/1-2.png\",\"articleSection\":[\"consejos\"],\"inLanguage\":\"es\"},{\"@type\":\"WebPage\",\"@id\":\"https:\\\/\\\/elejido.es\\\/consumo\\\/index.php\\\/ahorremos-energia-con-un-consumo-responsable\\\/\",\"url\":\"https:\\\/\\\/elejido.es\\\/consumo\\\/index.php\\\/ahorremos-energia-con-un-consumo-responsable\\\/\",\"name\":\"Ahorremos energ\u00eda con un consumo responsable\",\"isPartOf\":{\"@id\":\"https:\\\/\\\/elejido.es\\\/consumo\\\/#website\"},\"primaryImageOfPage\":{\"@id\":\"https:\\\/\\\/elejido.es\\\/consumo\\\/index.php\\\/ahorremos-energia-con-un-consumo-responsable\\\/#primaryimage\"},\"image\":{\"@id\":\"https:\\\/\\\/elejido.es\\\/consumo\\\/index.php\\\/ahorremos-energia-con-un-consumo-responsable\\\/#primaryimage\"},\"thumbnailUrl\":\"https:\\\/\\\/elejido.es\\\/consumo\\\/wp-content\\\/uploads\\\/2024\\\/05\\\/1-2.png\",\"datePublished\":\"2025-02-18T08:56:55+00:00\",\"dateModified\":\"2025-03-07T13:10:28+00:00\",\"description\":\"Hemos preparado una serie de consejos pr\u00e1cticos para ayudarte a reducir tu consumo de energ\u00eda en casa sin sacrificar comodidad.\",\"inLanguage\":\"es\",\"potentialAction\":[{\"@type\":\"ReadAction\",\"target\":[\"https:\\\/\\\/elejido.es\\\/consumo\\\/index.php\\\/ahorremos-energia-con-un-consumo-responsable\\\/\"]}]},{\"@type\":\"ImageObject\",\"inLanguage\":\"es\",\"@id\":\"https:\\\/\\\/elejido.es\\\/consumo\\\/index.php\\\/ahorremos-energia-con-un-consumo-responsable\\\/#primaryimage\",\"url\":\"https:\\\/\\\/elejido.es\\\/consumo\\\/wp-content\\\/uploads\\\/2024\\\/05\\\/1-2.png\",\"contentUrl\":\"https:\\\/\\\/elejido.es\\\/consumo\\\/wp-content\\\/uploads\\\/2024\\\/05\\\/1-2.png\",\"width\":1080,\"height\":1080},{\"@type\":\"WebSite\",\"@id\":\"https:\\\/\\\/elejido.es\\\/consumo\\\/#website\",\"url\":\"https:\\\/\\\/elejido.es\\\/consumo\\\/\",\"name\":\"Consumo El Ejido\",\"description\":\"P\u00e1gina Oficial del \u00c1rea de Consumo del Ayuntamiento de El Ejido. Conoce la OMIC de El Ejido. Consejos para consumidores y mucho m\u00e1s.\",\"publisher\":{\"@id\":\"https:\\\/\\\/elejido.es\\\/consumo\\\/#organization\"},\"potentialAction\":[{\"@type\":\"SearchAction\",\"target\":{\"@type\":\"EntryPoint\",\"urlTemplate\":\"https:\\\/\\\/elejido.es\\\/consumo\\\/?s={search_term_string}\"},\"query-input\":{\"@type\":\"PropertyValueSpecification\",\"valueRequired\":true,\"valueName\":\"search_term_string\"}}],\"inLanguage\":\"es\"},{\"@type\":\"Organization\",\"@id\":\"https:\\\/\\\/elejido.es\\\/consumo\\\/#organization\",\"name\":\"Consumo El Ejido\",\"url\":\"https:\\\/\\\/elejido.es\\\/consumo\\\/\",\"logo\":{\"@type\":\"ImageObject\",\"inLanguage\":\"es\",\"@id\":\"https:\\\/\\\/elejido.es\\\/consumo\\\/#\\\/schema\\\/logo\\\/image\\\/\",\"url\":\"https:\\\/\\\/elejido.es\\\/consumo\\\/wp-content\\\/uploads\\\/2023\\\/08\\\/unnamed.jpg\",\"contentUrl\":\"https:\\\/\\\/elejido.es\\\/consumo\\\/wp-content\\\/uploads\\\/2023\\\/08\\\/unnamed.jpg\",\"width\":512,\"height\":260,\"caption\":\"Consumo El Ejido\"},\"image\":{\"@id\":\"https:\\\/\\\/elejido.es\\\/consumo\\\/#\\\/schema\\\/logo\\\/image\\\/\"}},{\"@type\":\"Person\",\"@id\":\"https:\\\/\\\/elejido.es\\\/consumo\\\/#\\\/schema\\\/person\\\/0e341944233e3c38c8cc13f2cb49428a\",\"name\":\"Irene Casas Herrada\",\"image\":{\"@type\":\"ImageObject\",\"inLanguage\":\"es\",\"@id\":\"https:\\\/\\\/secure.gravatar.com\\\/avatar\\\/f70eaec7b93f55470e4e8ce5de16dabe8baf318f0608def2fe88ee6229b4d6de?s=96&d=mm&r=g\",\"url\":\"https:\\\/\\\/secure.gravatar.com\\\/avatar\\\/f70eaec7b93f55470e4e8ce5de16dabe8baf318f0608def2fe88ee6229b4d6de?s=96&d=mm&r=g\",\"contentUrl\":\"https:\\\/\\\/secure.gravatar.com\\\/avatar\\\/f70eaec7b93f55470e4e8ce5de16dabe8baf318f0608def2fe88ee6229b4d6de?s=96&d=mm&r=g\",\"caption\":\"Irene Casas Herrada\"},\"url\":\"https:\\\/\\\/elejido.es\\\/consumo\\\/index.php\\\/author\\\/irene\\\/\"}]}<\/script>\n<!-- \/ Yoast SEO plugin. -->","yoast_head_json":{"title":"Ahorremos energ\u00eda con un consumo responsable","description":"Hemos preparado una serie de consejos pr\u00e1cticos para ayudarte a reducir tu consumo de energ\u00eda en casa sin sacrificar comodidad.","robots":{"index":"index","follow":"follow","max-snippet":"max-snippet:-1","max-image-preview":"max-image-preview:large","max-video-preview":"max-video-preview:-1"},"canonical":"https:\/\/elejido.es\/consumo\/index.php\/ahorremos-energia-con-un-consumo-responsable\/","og_locale":"es_ES","og_type":"article","og_title":"Ahorremos energ\u00eda con un consumo responsable","og_description":"Hemos preparado una serie de consejos pr\u00e1cticos para ayudarte a reducir tu consumo de energ\u00eda en casa sin sacrificar comodidad.","og_url":"https:\/\/elejido.es\/consumo\/index.php\/ahorremos-energia-con-un-consumo-responsable\/","og_site_name":"Consumo El Ejido","article_published_time":"2025-02-18T08:56:55+00:00","article_modified_time":"2025-03-07T13:10:28+00:00","og_image":[{"width":1080,"height":1080,"url":"https:\/\/elejido.es\/consumo\/wp-content\/uploads\/2024\/05\/1-2.png","type":"image\/png"}],"author":"Irene Casas Herrada","twitter_card":"summary_large_image","twitter_misc":{"Escrito por":"Irene Casas Herrada","Tiempo de lectura":"2 minutos"},"schema":{"@context":"https:\/\/schema.org","@graph":[{"@type":"Article","@id":"https:\/\/elejido.es\/consumo\/index.php\/ahorremos-energia-con-un-consumo-responsable\/#article","isPartOf":{"@id":"https:\/\/elejido.es\/consumo\/index.php\/ahorremos-energia-con-un-consumo-responsable\/"},"author":{"name":"Irene Casas Herrada","@id":"https:\/\/elejido.es\/consumo\/#\/schema\/person\/0e341944233e3c38c8cc13f2cb49428a"},"headline":"Ahorremos energ\u00eda con un consumo responsable","datePublished":"2025-02-18T08:56:55+00:00","dateModified":"2025-03-07T13:10:28+00:00","mainEntityOfPage":{"@id":"https:\/\/elejido.es\/consumo\/index.php\/ahorremos-energia-con-un-consumo-responsable\/"},"wordCount":185,"publisher":{"@id":"https:\/\/elejido.es\/consumo\/#organization"},"image":{"@id":"https:\/\/elejido.es\/consumo\/index.php\/ahorremos-energia-con-un-consumo-responsable\/#primaryimage"},"thumbnailUrl":"https:\/\/elejido.es\/consumo\/wp-content\/uploads\/2024\/05\/1-2.png","articleSection":["consejos"],"inLanguage":"es"},{"@type":"WebPage","@id":"https:\/\/elejido.es\/consumo\/index.php\/ahorremos-energia-con-un-consumo-responsable\/","url":"https:\/\/elejido.es\/consumo\/index.php\/ahorremos-energia-con-un-consumo-responsable\/","name":"Ahorremos energ\u00eda con un consumo responsable","isPartOf":{"@id":"https:\/\/elejido.es\/consumo\/#website"},"primaryImageOfPage":{"@id":"https:\/\/elejido.es\/consumo\/index.php\/ahorremos-energia-con-un-consumo-responsable\/#primaryimage"},"image":{"@id":"https:\/\/elejido.es\/consumo\/index.php\/ahorremos-energia-con-un-consumo-responsable\/#primaryimage"},"thumbnailUrl":"https:\/\/elejido.es\/consumo\/wp-content\/uploads\/2024\/05\/1-2.png","datePublished":"2025-02-18T08:56:55+00:00","dateModified":"2025-03-07T13:10:28+00:00","description":"Hemos preparado una serie de consejos pr\u00e1cticos para ayudarte a reducir tu consumo de energ\u00eda en casa sin sacrificar comodidad.","inLanguage":"es","potentialAction":[{"@type":"ReadAction","target":["https:\/\/elejido.es\/consumo\/index.php\/ahorremos-energia-con-un-consumo-responsable\/"]}]},{"@type":"ImageObject","inLanguage":"es","@id":"https:\/\/elejido.es\/consumo\/index.php\/ahorremos-energia-con-un-consumo-responsable\/#primaryimage","url":"https:\/\/elejido.es\/consumo\/wp-content\/uploads\/2024\/05\/1-2.png","contentUrl":"https:\/\/elejido.es\/consumo\/wp-content\/uploads\/2024\/05\/1-2.png","width":1080,"height":1080},{"@type":"WebSite","@id":"https:\/\/elejido.es\/consumo\/#website","url":"https:\/\/elejido.es\/consumo\/","name":"Consumo El Ejido","description":"P\u00e1gina Oficial del \u00c1rea de Consumo del Ayuntamiento de El Ejido. Conoce la OMIC de El Ejido. Consejos para consumidores y mucho m\u00e1s.","publisher":{"@id":"https:\/\/elejido.es\/consumo\/#organization"},"potentialAction":[{"@type":"SearchAction","target":{"@type":"EntryPoint","urlTemplate":"https:\/\/elejido.es\/consumo\/?s={search_term_string}"},"query-input":{"@type":"PropertyValueSpecification","valueRequired":true,"valueName":"search_term_string"}}],"inLanguage":"es"},{"@type":"Organization","@id":"https:\/\/elejido.es\/consumo\/#organization","name":"Consumo El Ejido","url":"https:\/\/elejido.es\/consumo\/","logo":{"@type":"ImageObject","inLanguage":"es","@id":"https:\/\/elejido.es\/consumo\/#\/schema\/logo\/image\/","url":"https:\/\/elejido.es\/consumo\/wp-content\/uploads\/2023\/08\/unnamed.jpg","contentUrl":"https:\/\/elejido.es\/consumo\/wp-content\/uploads\/2023\/08\/unnamed.jpg","width":512,"height":260,"caption":"Consumo El Ejido"},"image":{"@id":"https:\/\/elejido.es\/consumo\/#\/schema\/logo\/image\/"}},{"@type":"Person","@id":"https:\/\/elejido.es\/consumo\/#\/schema\/person\/0e341944233e3c38c8cc13f2cb49428a","name":"Irene Casas Herrada","image":{"@type":"ImageObject","inLanguage":"es","@id":"https:\/\/secure.gravatar.com\/avatar\/f70eaec7b93f55470e4e8ce5de16dabe8baf318f0608def2fe88ee6229b4d6de?s=96&d=mm&r=g","url":"https:\/\/secure.gravatar.com\/avatar\/f70eaec7b93f55470e4e8ce5de16dabe8baf318f0608def2fe88ee6229b4d6de?s=96&d=mm&r=g","contentUrl":"https:\/\/secure.gravatar.com\/avatar\/f70eaec7b93f55470e4e8ce5de16dabe8baf318f0608def2fe88ee6229b4d6de?s=96&d=mm&r=g","caption":"Irene Casas Herrada"},"url":"https:\/\/elejido.es\/consumo\/index.php\/author\/irene\/"}]}},"_links":{"self":[{"href":"https:\/\/elejido.es\/consumo\/index.php\/wp-json\/wp\/v2\/posts\/22928","targetHints":{"allow":["GET"]}}],"collection":[{"href":"https:\/\/elejido.es\/consumo\/index.php\/wp-json\/wp\/v2\/posts"}],"about":[{"href":"https:\/\/elejido.es\/consumo\/index.php\/wp-json\/wp\/v2\/types\/post"}],"author":[{"embeddable":true,"href":"https:\/\/elejido.es\/consumo\/index.php\/wp-json\/wp\/v2\/users\/5"}],"replies":[{"embeddable":true,"href":"https:\/\/elejido.es\/consumo\/index.php\/wp-json\/wp\/v2\/comments?post=22928"}],"version-history":[{"count":2,"href":"https:\/\/elejido.es\/consumo\/index.php\/wp-json\/wp\/v2\/posts\/22928\/revisions"}],"predecessor-version":[{"id":22932,"href":"https:\/\/elejido.es\/consumo\/index.php\/wp-json\/wp\/v2\/posts\/22928\/revisions\/22932"}],"wp:featuredmedia":[{"embeddable":true,"href":"https:\/\/elejido.es\/consumo\/index.php\/wp-json\/wp\/v2\/media\/22800"}],"wp:attachment":[{"href":"https:\/\/elejido.es\/consumo\/index.php\/wp-json\/wp\/v2\/media?parent=22928"}],"wp:term":[{"taxonomy":"category","embeddable":true,"href":"https:\/\/elejido.es\/consumo\/index.php\/wp-json\/wp\/v2\/categories?post=22928"},{"taxonomy":"post_tag","embeddable":true,"href":"https:\/\/elejido.es\/consumo\/index.php\/wp-json\/wp\/v2\/tags?post=22928"}],"curies":[{"name":"wp","href":"https:\/\/api.w.org\/{rel}","templated":true}]}}